{"id":486731,"date":"2025-10-24T12:19:09","date_gmt":"2025-10-24T12:19:09","guid":{"rendered":"https:\/\/www.europesays.com\/fr\/486731\/"},"modified":"2025-10-24T12:19:09","modified_gmt":"2025-10-24T12:19:09","slug":"20-residents-de-lehpad-du-centre-hospitalier-de-eu-ont-ete-deplaces","status":"publish","type":"post","link":"https:\/\/www.europesays.com\/fr\/486731\/","title":{"rendered":"20 r\u00e9sidents de l&rsquo;EHPAD du centre hospitalier de Eu ont \u00e9t\u00e9 d\u00e9plac\u00e9s"},"content":{"rendered":"<p>            Par<br \/>\n        <strong><br \/>\n            <a href=\"https:\/\/actu.fr\/auteur\/jerome-buresi\" title=\"Consulter tous les articles de J\u00e9r\u00f4me Buresi\" target=\"_blank\" rel=\"noopener\">J\u00e9r\u00f4me Buresi<\/a><br \/>\n        <\/strong><\/p>\n<p>        Publi\u00e9 le<\/p>\n<p>            24 oct. 2025 \u00e0 14h06        <\/p>\n<p>Le passage de la <b>temp\u00eate Benjamin<\/b>, jeudi 23\u00a0octobre 2025, a engendr\u00e9 des <b>inondations <\/b>du toit-terrasse du pavillon Allard, l\u2019une des ailes du Centre Hospitalier de <a href=\"https:\/\/actu.fr\/normandie\/eu_76255\" target=\"_blank\" rel=\"noopener\">Eu<\/a>, en Seine-Maritime.<\/p>\n<p class=\" wall-content\">20 r\u00e9sidents d\u2019une unit\u00e9 de l\u2019EHPAD ont \u00e9t\u00e9<b> transf\u00e9r\u00e9s<\/b> dans les autres unit\u00e9s et services de l\u2019h\u00f4pital suite \u00e0 des inondations par<b> infiltrations<\/b> dans l\u2019unit\u00e9 situ\u00e9e au troisi\u00e8me \u00e9tage.<\/p>\n<p class=\" wall-content\">\u00ab Ces infiltrations ont occasionn\u00e9 quelques perturbations ponctuelles sur le r\u00e9seau \u00e9lectrique, mais nuisaient \u00e9galement au bon fonctionnement du service avec des risques de chute en raison de la pr\u00e9sence d\u2019eau au sol \u00bb, d\u00e9crit le groupement hospitalier Caux-Maritime, dans un communiqu\u00e9.<\/p>\n<p>La s\u00e9curit\u00e9 et le bien-\u00eatre des r\u00e9sidents<\/p>\n<p class=\" wall-content\">Dans un souci d\u2019assurer le maintien de la s\u00e9curit\u00e9 et de pr\u00e9server le bien-\u00eatre des r\u00e9sidents, le choix a \u00e9t\u00e9 effectu\u00e9 de relocaliser provisoirement les 20 r\u00e9sidents de l\u2019unit\u00e9 concern\u00e9e.<\/p>\n<p class=\" wall-content\">Le temps de mener toutes les actions utiles au diagnostic et \u00e0 la recherche de solutions pour r\u00e9soudre le probl\u00e8me.<\/p>\n<p>Vid\u00e9os : en ce moment sur Actu<\/p>\n<p class=\" wall-content\">\u00ab L\u2019\u00e9tablissement tient \u00e0 saluer tout particuli\u00e8rement l\u2019engagement et la mobilisation de l\u2019ensemble des professionnels pr\u00e9sents pour mener ces actions.\u00a0Il tient \u00e9galement \u00e0 souligner l\u2019entraide des partenaires du groupement hospitalier de territoire ainsi que la compr\u00e9hension des familles et tuteurs des r\u00e9sidents concern\u00e9s \u00bb, conclut le Centre hospitalier.<\/p>\n<p class=\" wall-content\">Le d\u00e9marrage des travaux pour la construction d\u2019un nouveau centre hospitalier sur les hauteurs de la ville est attendu pour fin 2026.<\/p>\n<p class=\" wall-content\">Personnalisez votre actualit\u00e9 en ajoutant vos villes et m\u00e9dias en favori avec <a href=\"https:\/\/moncompte.actu.fr\" title=\"D\u00e9couvez Mon Actu\" rel=\"nofollow noopener\" data-trk=\"{&quot;cta&quot;:{&quot;action&quot;:&quot;https:\\\/\\\/moncompte.actu.fr&quot;,&quot;category&quot;:&quot;mon compte&quot;,&quot;from&quot;:&quot;article footer&quot;,&quot;name&quot;:&quot;Mon actu&quot;,&quot;type&quot;:&quot;cta&quot;}}\" target=\"_blank\">Mon Actu<\/a>.<\/p>\n","protected":false},"excerpt":{"rendered":"Par J\u00e9r\u00f4me Buresi Publi\u00e9 le 24 oct. 2025 \u00e0 14h06 Le passage de la temp\u00eate Benjamin, jeudi 23\u00a0octobre&hellip;\n","protected":false},"author":2,"featured_media":486732,"comment_status":"","ping_status":"","sticky":false,"template":"","format":"standard","meta":{"footnotes":""},"categories":[1586],"tags":[11,4732,12216,1777,674,1779,118,1011,27,12,25,1778,364,3587],"class_list":{"0":"post-486731","1":"post","2":"type-post","3":"status-publish","4":"format-standard","5":"has-post-thumbnail","7":"category-europe","8":"tag-actualites","9":"tag-catastrophe-naturelle","10":"tag-ehpad","11":"tag-eu","12":"tag-europe","13":"tag-european-union","14":"tag-faits-divers","15":"tag-fr","16":"tag-france","17":"tag-news","18":"tag-republique-francaise","19":"tag-ue","20":"tag-union-europeenne","21":"tag-villes-soeurs"},"share_on_mastodon":{"url":"https:\/\/pubeurope.com\/@fr\/115429111679087504","error":""},"_links":{"self":[{"href":"https:\/\/www.europesays.com\/fr\/wp-json\/wp\/v2\/posts\/486731","targetHints":{"allow":["GET"]}}],"collection":[{"href":"https:\/\/www.europesays.com\/fr\/wp-json\/wp\/v2\/posts"}],"about":[{"href":"https:\/\/www.europesays.com\/fr\/wp-json\/wp\/v2\/types\/post"}],"author":[{"embeddable":true,"href":"https:\/\/www.europesays.com\/fr\/wp-json\/wp\/v2\/users\/2"}],"replies":[{"embeddable":true,"href":"https:\/\/www.europesays.com\/fr\/wp-json\/wp\/v2\/comments?post=486731"}],"version-history":[{"count":0,"href":"https:\/\/www.europesays.com\/fr\/wp-json\/wp\/v2\/posts\/486731\/revisions"}],"wp:featuredmedia":[{"embeddable":true,"href":"https:\/\/www.europesays.com\/fr\/wp-json\/wp\/v2\/media\/486732"}],"wp:attachment":[{"href":"https:\/\/www.europesays.com\/fr\/wp-json\/wp\/v2\/media?parent=486731"}],"wp:term":[{"taxonomy":"category","embeddable":true,"href":"https:\/\/www.europesays.com\/fr\/wp-json\/wp\/v2\/categories?post=486731"},{"taxonomy":"post_tag","embeddable":true,"href":"https:\/\/www.europesays.com\/fr\/wp-json\/wp\/v2\/tags?post=486731"}],"curies":[{"name":"wp","href":"https:\/\/api.w.org\/{rel}","templated":true}]}}