{"id":486738,"date":"2025-10-24T12:23:17","date_gmt":"2025-10-24T12:23:17","guid":{"rendered":"https:\/\/www.europesays.com\/fr\/486738\/"},"modified":"2025-10-24T12:23:17","modified_gmt":"2025-10-24T12:23:17","slug":"ils-viennent-de-perdre-leur-carte-sur-le-dp-world-tour","status":"publish","type":"post","link":"https:\/\/www.europesays.com\/fr\/486738\/","title":{"rendered":"Ils viennent de perdre leur carte sur le DP World Tour"},"content":{"rendered":"<p>\t\t\t\t\t\t<img width=\"770\" height=\"556\" src=\"https:\/\/www.europesays.com\/fr\/wp-content\/uploads\/2025\/10\/paulgetty-770x556.jpg\" class=\"img-responsive wp-post-image\" alt=\"\" decoding=\"async\" fetchpriority=\"high\"  \/>\t\t\t\t\t<\/p>\n<p>\t\t\t\t\t\t Partager cet article <\/p>\n<p class=\"screen-reader-text juiz_sps_maybe_hidden_text\">Partager la publication \u00ab\u00a0Ils viennent de perdre leur carte sur le DP World Tour\u00a0\u00bb<\/p>\n<p><strong>Le Paraguayen Fabrizio Zanotti, l\u2019Allemand Yannik Paul (photo) et le Sud-Africain Robin Williams ne sont pas parvenus \u00e0 franchir le cut ce vendredi en Cor\u00e9e du Sud. R\u00e9sultat des courses, ils devront passer, comme le Fran\u00e7ais Cl\u00e9ment Sordet, par les PQ3 des Cartes europ\u00e9ennes \u00e0 la mi-novembre \u00e0 Tarragone (Espagne). Le Belge Thomas Detry et l\u2019Am\u00e9ricain Jordan Gumberg sont, eux aussi, en grand danger alors qu\u2019ils joueront leur \u00ab\u00a0survie\u00a0\u00bb ce week-end sur le DP World Tour.\u00a0<\/strong><\/p>\n<p>\t\t\t\t\t<a id=\"186378\" href=\"https:\/\/www.garmin.com\/fr-FR\/c\/sports-fitness\/golf-gps-devices-smartwatches\/\" target=\"_blank\" rel=\"sponsorised nofollow noopener\"><img decoding=\"async\" src=\"data:image\/svg+xml,%3Csvg%20xmlns=\" http:=\"\" class=\"img-responsive\" alt=\"\" data-lazy-src=\"https:\/\/www.europesays.com\/fr\/wp-content\/uploads\/2025\/06\/garmin-e01-serie-approach-1170x275-1.jpeg\"\/><\/a><\/p>\n<p><strong>L.V.<\/strong><\/p>\n<p>Sur le Tour europ\u00e9en depuis 2008,<strong> Fabrizio Zanotti<\/strong>, 416 tournois au compteur, va devoir se r\u00e9soudre \u00e0 affronter le difficile et p\u00e9rilleux marathon des Cartes europ\u00e9ennes. Le Paraguayen, 42 ans, qui n\u2019a pas r\u00e9ussi \u00e0 franchir le cut ce vendredi en Cor\u00e9e du Sud, pointe d\u00e9sormais \u00e0 la 122e place de la Race. Insuffisant pour conserver une ann\u00e9e de plus un droit de jeu plein au plus haut niveau. Il sera donc au PQ3 du c\u00f4t\u00e9 de <strong>Tarragone<\/strong> (Espagne) entre le 7 et le 12 novembre.\u00a0<\/p>\n<p>\t\t\t\t\t<a id=\"187708\" href=\"https:\/\/www.swing.fr\/projet.php?id=36\" target=\"_blank\" rel=\"sponsorised nofollow noopener\"><img decoding=\"async\" src=\"data:image\/svg+xml,%3Csvg%20xmlns=\" http:=\"\" class=\"img-responsive\" alt=\"\" data-lazy-src=\"https:\/\/www.europesays.com\/fr\/wp-content\/uploads\/2025\/09\/swing-e05-golf-gourmet-trophy-1170x275-1.gif\"\/><\/a><\/p>\n<blockquote class=\"twitter-tweet\"><p>&#13;<\/p>\n<p dir=\"ltr\" lang=\"en\">Yannik Paul describes his emotions after losing his Tour card. <a href=\"https:\/\/twitter.com\/hashtag\/GenesisChampionship?src=hash&amp;ref_src=twsrc%5Etfw\" rel=\"nofollow noopener\" target=\"_blank\">#GenesisChampionship<\/a> <a href=\"https:\/\/t.co\/9Q69O4oVA1\" rel=\"nofollow\">pic.twitter.com\/9Q69O4oVA1<\/a><\/p>\n<p>&#13;<br \/>\n&#13;<br \/>\n\u2014 DP World Tour (@DPWorldTour) <a href=\"https:\/\/twitter.com\/DPWorldTour\/status\/1981578901337063838?ref_src=twsrc%5Etfw\" rel=\"nofollow noopener\" target=\"_blank\">October 24, 2025<\/a><\/p><\/blockquote>\n<p>M\u00eame punition pour l\u2019Allemand <strong>Yannik Paul<\/strong>, 116e de la Race jeudi matin au <strong>Genesis Championship<\/strong> et qui se retrouve projet\u00e9 118e apr\u00e8s deux cartes de 79 (+8) et 71 (par). 20e puis 22e de la Race en 2022 et 2023, il paye ici une saison bien trop terne o\u00f9 il n\u2019a accroch\u00e9 qu\u2019un seul top 10 (3e au <strong>Volvo China Open<\/strong>) en 26 tournois jou\u00e9s, ne franchissant que douze fois le cut.\u00a0<\/p>\n<p>Bien plus en danger avec sa 128e place \u00e0 la Race avant de s\u2019\u00e9lancer en Cor\u00e9e, <strong>Robin Williams<\/strong> n\u2019a pas trouv\u00e9 les ressources n\u00e9cessaires pour inverser le processus. Le Sud-Africain au physique de d\u00e9m\u00e9nageur finit \u00e0 la 112e place du Genesis Championship avec deux cartes de 75 (+4) et perd encore deux rangs \u00e0 la Race (130e).\u00a0<\/p>\n<p>Le paradoxe Thomas Detry<\/p>\n<p>Bien qu\u2019ayant pass\u00e9 le cut fix\u00e9 \u00e0 +1 apr\u00e8s 36 trous, <strong>Thomas Detry<\/strong> et <strong>Jordan Gumberg<\/strong> ne sont pas pour autant sauv\u00e9s. Le Belge, 44e de la <strong>FedEx Cup 2025<\/strong>, vainqueur \u00e0 Phoenix en d\u00e9but d\u2019ann\u00e9e et assur\u00e9 de jouer tous les <strong>Signature Events<\/strong> sur le <strong>PGA Tour<\/strong> en 2026, n\u2019est paradoxalement s\u00fbr de rien sur le Tour europ\u00e9en. 22e \u00e0 -3 au Genesis Championship, Detry est pour le moment projet\u00e9 124e \u00e0 la Race. Un top 10 dimanche pourrait \u00eatre suffisant.\u00a0<\/p>\n<p>Un objectif que lorgne aussi Jordan Gumberg, 22e en Cor\u00e9e apr\u00e8s deux tours et projet\u00e9 121e \u00e0 la Race. L\u2019Am\u00e9ricain affiche d\u00e9j\u00e0 33 tournois jou\u00e9s en 2024-25 mais son meilleur r\u00e9sultat est une\u2026 14e place au <strong>Porsche Singapore Open<\/strong> le 23 mars dernier.\u00a0<\/p>\n<p>Scott et Micheluzzi sauvent les meubles\u2026<\/p>\n<p>Projet\u00e9 113e de la Race, <strong>Aaron Cockerill<\/strong> se situe pour le moment du bon c\u00f4t\u00e9 de la fronti\u00e8re. Le Canadien gagne ainsi quatre places \u00e0 la Race mais lui aussi devra assurer deux bons tours ce week-end en Cor\u00e9e pour valider son droit de jeu plein. Ce qui est d\u2019ores et d\u00e9j\u00e0 acquis pour <strong>Adam Scott<\/strong> et <strong>David Micheluzzi<\/strong>. Les deux Australiens, en danger avant ce dernier tournoi de la saison r\u00e9guli\u00e8re, sont maintenant projet\u00e9s respectivement 108e et 101e de la Race gr\u00e2ce \u00e0 leur 44e (-1) et 28e place (-2) au leaderboard !\u00a0\u00a0<\/p>\n<p>Rappelons que <strong>Cl\u00e9ment Sordet<\/strong>, dans l\u2019impossibilit\u00e9 de s\u2019aligner en Cor\u00e9e du Sud compte tenu d\u2019une cat\u00e9gorie 18 insuffisante, <a href=\"https:\/\/www.golfplanete.com\/actualites\/genesis-championship-ca-passe-ou-ca-casse\/\" target=\"_blank\" rel=\"noopener nofollow\">\u00e9tait 114e de la Race jeudi matin<\/a>. Le voil\u00e0 dor\u00e9navant du mauvais c\u00f4t\u00e9 de la ligne, en 117e position et donc condamn\u00e9, comme l\u2019an pass\u00e9, \u00e0 passer par les PQ3.\u00a0<\/p>\n<p>Jeong weon Ko en sursis pour Abu Dhabi<\/p>\n<p>Moins douloureux mais tout aussi ennuyeux d\u2019un point de vue proprement sportif, et accessoirement financier, <strong>Julien Guerrier<\/strong> s\u2019est ferm\u00e9 les portes de l\u2019<strong>Abu Dhabi HSBC Championship<\/strong> (6-9 novembre) en prenant la 121e place (+11) du Genesis Championship. Le Rochelais domicili\u00e9 \u00e0 Duba\u00ef recule \u00e0 la 82e place de la Race, un peu plus loin encore de ce top 70 qualificatif. <\/p>\n<p>Un rendez-vous que pourrait n\u00e9anmoins disputer <strong>Jeong weon Ko<\/strong>, 112e \u00e0 +8 apr\u00e8s deux tours et projet\u00e9 71e de la Race. Le golfeur de Bussy (77) pourrait en effet b\u00e9n\u00e9ficier d\u2019un ou deux forfaits pour Abu Dhabi pour entrer in extremis dans le champ du 4e <strong>Rolex Series<\/strong> de la saison (9 millions de dollars de dotation). Mais rien n\u2019est moins s\u00fbr\u2026\u00a0<\/p>\n<p>\t\t\t\t\t<a id=\"187716\" href=\"https:\/\/kalika.org\/fr\/actualites\/articles\/pro-am-de-l-hotel-du-palais\" target=\"_blank\" rel=\"sponsorised nofollow noopener\"><img decoding=\"async\" src=\"data:image\/svg+xml,%3Csvg%20xmlns=\" http:=\"\" class=\"img-responsive\" alt=\"\" data-lazy-src=\"https:\/\/www.europesays.com\/fr\/wp-content\/uploads\/2025\/09\/kalika-e01-proam-hotel-palais-1170x275-1.jpg\"\/><\/a><\/p>\n<p>Photo :\u00a0 Getty Images<\/p>\n<p>\t\t\t<script async src=\"https:\/\/platform.twitter.com\/widgets.js\" charset=\"utf-8\"><\/script><\/p>\n","protected":false},"excerpt":{"rendered":"Partager cet article Partager la publication \u00ab\u00a0Ils viennent de perdre leur carte sur le DP World Tour\u00a0\u00bb Le&hellip;\n","protected":false},"author":2,"featured_media":486739,"comment_status":"","ping_status":"","sticky":false,"template":"","format":"standard","meta":{"footnotes":""},"categories":[1418],"tags":[1011,27,1472,60],"class_list":{"0":"post-486738","1":"post","2":"type-post","3":"status-publish","4":"format-standard","5":"has-post-thumbnail","7":"category-golf","8":"tag-fr","9":"tag-france","10":"tag-golf","11":"tag-sports"},"share_on_mastodon":{"url":"https:\/\/pubeurope.com\/@fr\/115429127792709558","error":""},"_links":{"self":[{"href":"https:\/\/www.europesays.com\/fr\/wp-json\/wp\/v2\/posts\/486738","targetHints":{"allow":["GET"]}}],"collection":[{"href":"https:\/\/www.europesays.com\/fr\/wp-json\/wp\/v2\/posts"}],"about":[{"href":"https:\/\/www.europesays.com\/fr\/wp-json\/wp\/v2\/types\/post"}],"author":[{"embeddable":true,"href":"https:\/\/www.europesays.com\/fr\/wp-json\/wp\/v2\/users\/2"}],"replies":[{"embeddable":true,"href":"https:\/\/www.europesays.com\/fr\/wp-json\/wp\/v2\/comments?post=486738"}],"version-history":[{"count":0,"href":"https:\/\/www.europesays.com\/fr\/wp-json\/wp\/v2\/posts\/486738\/revisions"}],"wp:featuredmedia":[{"embeddable":true,"href":"https:\/\/www.europesays.com\/fr\/wp-json\/wp\/v2\/media\/486739"}],"wp:attachment":[{"href":"https:\/\/www.europesays.com\/fr\/wp-json\/wp\/v2\/media?parent=486738"}],"wp:term":[{"taxonomy":"category","embeddable":true,"href":"https:\/\/www.europesays.com\/fr\/wp-json\/wp\/v2\/categories?post=486738"},{"taxonomy":"post_tag","embeddable":true,"href":"https:\/\/www.europesays.com\/fr\/wp-json\/wp\/v2\/tags?post=486738"}],"curies":[{"name":"wp","href":"https:\/\/api.w.org\/{rel}","templated":true}]}}