{"id":486748,"date":"2025-10-24T12:30:11","date_gmt":"2025-10-24T12:30:11","guid":{"rendered":"https:\/\/www.europesays.com\/fr\/486748\/"},"modified":"2025-10-24T12:30:11","modified_gmt":"2025-10-24T12:30:11","slug":"un-nouveau-poste-pour-rudy-barbier-actualite","status":"publish","type":"post","link":"https:\/\/www.europesays.com\/fr\/486748\/","title":{"rendered":"Un nouveau poste pour Rudy Barbier &#8211; Actualit\u00e9"},"content":{"rendered":"<p style=\"text-align: justify;\">Devenu directeur sportif depuis son arr\u00eat l&rsquo;hiver dernier,\u00a0<strong><a href=\"https:\/\/www.directvelo.com\/coureur\/3239\/rudy-barbier\" target=\"_blank\" rel=\"noopener\">Rudy Barbier<\/a><\/strong> va conna\u00eetre une nouvelle exp\u00e9rience dans la voiture en 2026. L&rsquo;ancien coureur professionnel va rejoindre l&rsquo;encadrement du Team Allcycles Meaux.<\/p>\n<p>Professionnel durant douze ans, celui qui s&rsquo;est impos\u00e9 \u00e0 six reprises chez les professionnels avait termin\u00e9 sa carri\u00e8re chez Philippe Wagner-Bazin. En 2025, il a effectu\u00e9 plusieurs piges comme directeur sportif au sein du Team Lockimmo.com notamment, la formation N1 du CC Nogent-sur-Oise.<\/p>\n<p>En 2026, il fera donc partie du Team Allcycles Meaux qui postule \u00e0 la N3. R\u00e9cemment, la formation d&rsquo;\u00cele-de-France a annonc\u00e9 l&rsquo;arriv\u00e9e de Clovis Rottement (EC Montgeron Vigneux), 10e de l&rsquo;Oise U19 et 15e de la Cantonale, portant ainsi\u00a0<strong><a href=\"https:\/\/www.directvelo.com\/equipe\/7496\/team-allcycles-madar\" target=\"_blank\" rel=\"noopener\">son effectif \u00e0 dix coureurs<\/a><\/strong> pour le moment.<\/p>\n","protected":false},"excerpt":{"rendered":"Devenu directeur sportif depuis son arr\u00eat l&rsquo;hiver dernier,\u00a0Rudy Barbier va conna\u00eetre une nouvelle exp\u00e9rience dans la voiture en&hellip;\n","protected":false},"author":2,"featured_media":486749,"comment_status":"","ping_status":"","sticky":false,"template":"","format":"standard","meta":{"footnotes":""},"categories":[1411],"tags":[834,828,836,829,837,827,83,826,824,823,1154,207,814,817,815,816,822,821,832,211,839,1011,27,820,818,819,835,831,830,833,838,60,212,208,825],"class_list":{"0":"post-486748","1":"post","2":"type-post","3":"status-publish","4":"format-standard","5":"has-post-thumbnail","7":"category-cyclisme","8":"tag-attaque","9":"tag-belgique","10":"tag-braquet","11":"tag-bretagne","12":"tag-chute","13":"tag-competition","14":"tag-coupe-de-france","15":"tag-coureur","16":"tag-course-cyclisme","17":"tag-course-cycliste","18":"tag-cycling","19":"tag-cyclisme","20":"tag-direct","21":"tag-direct-velo","22":"tag-directvelo","23":"tag-directvelo-com","24":"tag-epreuve","25":"tag-epreuve-cycliste","26":"tag-federation-francaise-de-cyclisme","27":"tag-ffc","28":"tag-flandres","29":"tag-fr","30":"tag-france","31":"tag-live","32":"tag-live-course","33":"tag-live-epreuve","34":"tag-peloton","35":"tag-radio-peloton","36":"tag-radio-tour","37":"tag-ravitaillement","38":"tag-relance","39":"tag-sports","40":"tag-uci","41":"tag-velo","42":"tag-velos"},"share_on_mastodon":{"url":"https:\/\/pubeurope.com\/@fr\/115429154854509871","error":""},"_links":{"self":[{"href":"https:\/\/www.europesays.com\/fr\/wp-json\/wp\/v2\/posts\/486748","targetHints":{"allow":["GET"]}}],"collection":[{"href":"https:\/\/www.europesays.com\/fr\/wp-json\/wp\/v2\/posts"}],"about":[{"href":"https:\/\/www.europesays.com\/fr\/wp-json\/wp\/v2\/types\/post"}],"author":[{"embeddable":true,"href":"https:\/\/www.europesays.com\/fr\/wp-json\/wp\/v2\/users\/2"}],"replies":[{"embeddable":true,"href":"https:\/\/www.europesays.com\/fr\/wp-json\/wp\/v2\/comments?post=486748"}],"version-history":[{"count":0,"href":"https:\/\/www.europesays.com\/fr\/wp-json\/wp\/v2\/posts\/486748\/revisions"}],"wp:featuredmedia":[{"embeddable":true,"href":"https:\/\/www.europesays.com\/fr\/wp-json\/wp\/v2\/media\/486749"}],"wp:attachment":[{"href":"https:\/\/www.europesays.com\/fr\/wp-json\/wp\/v2\/media?parent=486748"}],"wp:term":[{"taxonomy":"category","embeddable":true,"href":"https:\/\/www.europesays.com\/fr\/wp-json\/wp\/v2\/categories?post=486748"},{"taxonomy":"post_tag","embeddable":true,"href":"https:\/\/www.europesays.com\/fr\/wp-json\/wp\/v2\/tags?post=486748"}],"curies":[{"name":"wp","href":"https:\/\/api.w.org\/{rel}","templated":true}]}}