{"id":486760,"date":"2025-10-24T12:36:16","date_gmt":"2025-10-24T12:36:16","guid":{"rendered":"https:\/\/www.europesays.com\/fr\/486760\/"},"modified":"2025-10-24T12:36:16","modified_gmt":"2025-10-24T12:36:16","slug":"tout-sonne-mieux-avec-un-accent-francais","status":"publish","type":"post","link":"https:\/\/www.europesays.com\/fr\/486760\/","title":{"rendered":"tout sonne mieux avec un accent fran\u00e7ais\u00bb"},"content":{"rendered":"<p>    Selena Gomez c\u00e9l\u00e8bre les cinq ans de Rare Beauty, sa marque de cosm\u00e9tiques inclusive, \u00e0 travers laquelle la chanteuse et actrice m\u00e8ne un combat pour la sant\u00e9 mentale.<br \/>\n                Rare Beauty<\/p>\n<p>\n    <strong>EXCLUSIVIT\u00c9 &#8211; <\/strong>H\u00e9ro\u00efne de la saison 5 de la s\u00e9rie Only Murders in the Building, Selena Gomez c\u00e9l\u00e8bre en parall\u00e8le les cinq ans de Rare Beauty, sa marque de cosm\u00e9tiques inclusive, \u00e0 travers laquelle la chanteuse et actrice m\u00e8ne un combat pour la sant\u00e9 mentale.<\/p>\n<p class=\"fig-paragraph\"><strong>Madame Figaro.- <\/strong><strong>Votre mood du moment\u00a0?\u00a0<\/strong><br \/><strong>Selena Gomez.-<\/strong> Je vais tr\u00e8s bien\u00a0! Je suis tellement reconnaissante pour ces cinq ann\u00e9es d\u2019existence de\u00a0<a href=\"http:\/\/madame.lefigaro.fr\/beaute\/beaute-star\/selena-gomez-il-y-a-une-vie-au-dela-des-photos-des-reseaux-sociaux-retouchees-irrealistes-et-feignant-le-bonheur-20230630\" data-fig-type=\"Article\" data-gtm-custom-categorie=\"navigation\" data-gtm-custom-action=\"crossclick\" data-gtm-custom-label=\"Contextuel\" data-gtm-event=\"customEventSPE\" data-fig-domain=\"MADAME\" rel=\"nofollow noopener\" target=\"_blank\">Rare Beauty<\/a>\u00a0et impatiente de d\u00e9couvrir ce qui nous attend. Ces derniers mois ont \u00e9t\u00e9 incroyables avec\u00a0<a href=\"http:\/\/madame.lefigaro.fr\/beaute\/parfum\/selena-gomez-j-ai-toujours-voulu-montrer-ou-j-en-etais-dans-ma-vie-a-travers-ce-que-je-cree-20250822\" data-fig-type=\"Article\" data-gtm-custom-categorie=\"navigation\" data-gtm-custom-action=\"crossclick\" data-gtm-custom-label=\"Contextuel\" data-gtm-event=\"customEventSPE\" data-fig-domain=\"MADAME\" rel=\"nofollow noopener\" target=\"_blank\">le lancement de notre tout premier parfum<\/a>\u00a0\u00e0 l\u2019international.<\/p>\n<p class=\"fig-paragraph\"><strong>Votre actu\u00a0?<\/strong><br \/>Nous avons organis\u00e9 la troisi\u00e8me \u00e9dition de\u00a0<a href=\"http:\/\/madame.lefigaro.fr\/beaute\/selena-gomez-je-connais-ce-sentiment-d-etre-prisonnier-de-son-esprit-20251010\" data-fig-type=\"Article\" data-gtm-custom-categorie=\"navigation\" data-gtm-custom-action=\"crossclick\" data-gtm-custom-label=\"Contextuel\" data-gtm-event=\"customEventSPE\" data-fig-domain=\"MADAME\" rel=\"nofollow noopener\" target=\"_blank\">notre campagne \u00abMake a Rare Impact\u00bb avec Sephora<\/a>\u00a0durant laquelle 100 % des ventes de Rare Eau de Parfum ont \u00e9t\u00e9 revers\u00e9es au Rare Impact Fund, qui soutient des associations engag\u00e9es dans la pr\u00e9vention et l\u2019accompagnement en sant\u00e9 mentale pour les jeunes.<\/p>\n<p>                                    <a class=\"fig-a11y-skip a11y-hidden\" href=\"#fig-a11y-skip-main-inarticle\"><br \/>\n        Passer la publicit\u00e9<br \/>\n    <\/a><\/p>\n<p class=\"fig-paragraph\"><strong>En quoi ce parfum vous ressemble-t-il\u00a0?\u00a0<\/strong><br \/>Il est chaleureux, r\u00e9confortant et un peu inattendu. Il \u00e9volue du matin au soir et selon l\u2019humeur. Nous avons mis plus de deux ans \u00e0 le d\u00e9velopper et j\u2019ai \u00e9t\u00e9 impliqu\u00e9e \u00e0 chaque \u00e9tape, de la composition des notes au design du flacon.<\/p>\n<p class=\"fig-paragraph\"><strong>Votre premier souvenir olfactif\u00a0?\u00a0<\/strong><br \/>La cuisine de ma grand-m\u00e8re, et ce qu\u2019elle pr\u00e9parait avec de la vanille ou de la cannelle. Ces odeurs sucr\u00e9es et r\u00e9confortantes me rappellent des moments en famille \u00e0 la maison. C\u2019est incroyable comme une odeur peut vous replonger instantan\u00e9ment dans un souvenir.<\/p>\n<p>    Selena Gomez a lanc\u00e9 Rare Eau de parfum, la premi\u00e8re fragrance de Rare Beauty.<br \/>\n                Rare Beauty\/Service Presse<\/p>\n<p class=\"fig-paragraph\"><strong>O\u00f9 est-ce que vous appliquez votre parfum\u00a0?<\/strong><br \/>Je me parfume aux endroits o\u00f9 les gens peuvent le sentir quand ils me prennent dans leurs bras. J\u2019en mets aussi partout sur mes v\u00eatements. Je ne sais pas si c\u2019est la meilleure fa\u00e7on de le faire\u2026 Mais pour moi, c\u2019est la bonne&#8230;<\/p>\n<blockquote class=\"fig-quote&#10;    \">\n<p class=\"fig-quote__text\">Longtemps, j\u2019ai eu l\u2019impression de devoir m\u2019excuser pour tellement de choses&#8230; Aujourd\u2019hui, je me sens enfin \u00e0 l\u2019aise d\u2019\u00eatre qui je suis<\/p>\n<p>            Selena Gomez\n    <\/p><\/blockquote>\n<p class=\"fig-paragraph\"><strong>Ce que vous pensez en vous regardant dans le miroir le matin\u00a0?\u00a0<\/strong><br \/>Je suis tellement fi\u00e8re du chemin que j\u2019ai parcouru et de la personne que je suis devenue. Longtemps, j\u2019ai eu l\u2019impression de devoir m\u2019excuser pour tellement de choses&#8230; Aujourd\u2019hui, je me sens enfin \u00e0 l\u2019aise d\u2019\u00eatre qui je suis. Je sais que c\u2019est un cheminement permanent, mais je suis heureuse d\u2019en \u00eatre arriv\u00e9e l\u00e0 o\u00f9 je suis.<\/p>\n<p class=\"fig-body-link&#10;    \">\n            \u00c0 lire aussi<br \/>\n        <a class=\"fig-body-link__link\" href=\"http:\/\/madame.lefigaro.fr\/beaute\/selena-gomez-je-connais-ce-sentiment-d-etre-prisonnier-de-son-esprit-20251010\" data-fig-type=\"Article\" data-gtm-custom-categorie=\"navigation\" data-gtm-custom-action=\"crossclick\" data-gtm-custom-label=\"Contextuel\" data-gtm-event=\"customEventSPE\" data-fig-domain=\"MADAME\" rel=\"nofollow noopener\" target=\"_blank\"><br \/>\n        Selena Gomez\u00a0: \u00abJe connais ce sentiment d\u2019\u00eatre prisonnier de son esprit\u00bb<\/a>\n<\/p>\n<p class=\"fig-paragraph\"><strong>Quand et o\u00f9 vous sentez-vous la plus libre\u00a0?\u00a0<\/strong><br \/>Entour\u00e9e des personnes que j\u2019aime, en faisant ce que j\u2019aime\u00a0: c\u00e2liner mes chiens sur le canap\u00e9, cr\u00e9er de la musique, sortir d\u00eener avec mes amis\u2026<\/p>\n<p>                                    <a class=\"fig-a11y-skip a11y-hidden\" href=\"#fig-a11y-skip-main-inarticle_mtf\"><br \/>\n        Passer la publicit\u00e9<br \/>\n    <\/a><\/p>\n<p class=\"fig-paragraph\"><strong>Le rituel de beaut\u00e9 qui vous donne confiance\u00a0?\u00a0<\/strong><br \/>J\u2019adore prendre soin de moi quand mon emploi du temps le permet. J\u2019allume alors une bougie, j\u2019utilise des huiles d\u2019aromath\u00e9rapie et je m\u2019enduis de cr\u00e8me pour le corps\u2026 J\u2019adore cette sensation de m\u2019\u00eatre vraiment chouchout\u00e9e.<\/p>\n<p class=\"fig-paragraph\"><strong>Votre lien avec la France\u00a0?\u00a0<\/strong><br \/>J\u2019adore la France. J\u2019ai tant de souvenirs incroyables \u00e0 Paris. Il y a quelque chose de tellement chic chez les Parisiennes et leurs routines de beaut\u00e9 sont de vraies sources d\u2019inspiration. Et je trouve la langue fran\u00e7aise belle et sensuelle\u00a0: tout sonne mieux avec un accent fran\u00e7ais.<\/p>\n<blockquote class=\"fig-quote&#10;    \">\n<p class=\"fig-quote__text\">Je trouve la langue fran\u00e7aise belle et sensuelle\u00a0: tout sonne mieux avec un accent fran\u00e7ais<\/p>\n<p>            Selena Gomez\n    <\/p><\/blockquote>\n<p class=\"fig-paragraph\"><strong>La derni\u00e8re fois o\u00f9 vous avez \u00e9t\u00e9 fi\u00e8re de vous\u00a0?\u00a0<\/strong><br \/>Parler de moi est toujours un peu difficile. Mais je suis tr\u00e8s fi\u00e8re de tout ce que nous avons accompli avec Rare Beauty et Sephora en lien avec la Journ\u00e9e mondiale de la sant\u00e9 mentale. Le Rare Impact Fund a d\u00e9j\u00e0 permis de collecter plus de 20 millions de dollars et de soutenir 30 organisations partenaires sur cinq continents. Ces associations accompagnent chaque ann\u00e9e pr\u00e8s de 2 millions de jeunes. C\u2019est incroyable de pouvoir aider \u00e0 changer des vies concr\u00e8tement.<\/p>\n<p class=\"fig-paragraph\"><strong>Votre prochain challenge\u00a0?\u00a0<\/strong><br \/>D\u00e9velopper la pr\u00e9vention du suicide chez les jeunes et l\u2019intervention en situation de crise, et aussi garantir des syst\u00e8mes de soutien solides et int\u00e9grer le sujet aux programmes scolaires. Mon r\u00eave ultime, c\u2019est d\u2019accompagner encore plus de jeunes de mani\u00e8re significative.<\/p>\n<p class=\"fig-body-link&#10;    \">\n            \u00c0 lire aussi<br \/>\n        <a class=\"fig-body-link__link\" href=\"http:\/\/madame.lefigaro.fr\/beaute\/parfum\/selena-gomez-j-ai-toujours-voulu-montrer-ou-j-en-etais-dans-ma-vie-a-travers-ce-que-je-cree-20250822\" data-fig-type=\"Article\" data-gtm-custom-categorie=\"navigation\" data-gtm-custom-action=\"crossclick\" data-gtm-custom-label=\"Contextuel\" data-gtm-event=\"customEventSPE\" data-fig-domain=\"MADAME\" rel=\"nofollow noopener\" target=\"_blank\"><br \/>\n        Selena Gomez\u00a0: \u00abJ\u2019ai toujours voulu montrer o\u00f9 j\u2019en \u00e9tais dans ma vie \u00e0 travers ce que je cr\u00e9e\u00bb<\/a>\n<\/p>\n<p class=\"fig-paragraph\"><strong>Avez-vous toujours le \u201cfeu sacr\u00e9\u201d des d\u00e9buts\u00a0?\u00a0<\/strong><br \/>Oui\u00a0! Je suis constamment \u00e9merveill\u00e9e par la communaut\u00e9 qu\u2019on a cr\u00e9\u00e9e. Rien de tout cela ne serait possible sans elle, et je leur suis si reconnaissante d\u2019\u00eatre aussi passionn\u00e9e. Voir l\u2019impact qu\u2019on a avec ces initiatives et cr\u00e9er des liens plus profonds avec toutes ces personnes m\u2019inspire encore davantage.<\/p>\n<p>                                    <a class=\"fig-a11y-skip a11y-hidden\" href=\"#fig-a11y-skip-main-inarticle_btf\"><br \/>\n        Passer la publicit\u00e9<br \/>\n    <\/a><\/p>\n<p class=\"fig-paragraph\"><strong>Ce que vous allez faire apr\u00e8s cette interview\u00a0?<\/strong><br \/>Aller \u00e0 mon cours de Pilates.<\/p>\n","protected":false},"excerpt":{"rendered":"Selena Gomez c\u00e9l\u00e8bre les cinq ans de Rare Beauty, sa marque de cosm\u00e9tiques inclusive, \u00e0 travers laquelle la&hellip;\n","protected":false},"author":2,"featured_media":486761,"comment_status":"","ping_status":"","sticky":false,"template":"","format":"standard","meta":{"footnotes":""},"categories":[1355],"tags":[58,47452,59,1011,27,2173,1361,873,8831],"class_list":{"0":"post-486760","1":"post","2":"type-post","3":"status-publish","4":"format-standard","5":"has-post-thumbnail","7":"category-musique","8":"tag-divertissement","9":"tag-eau-de-parfum","10":"tag-entertainment","11":"tag-fr","12":"tag-france","13":"tag-interview","14":"tag-music","15":"tag-musique","16":"tag-selena-gomez"},"share_on_mastodon":{"url":"https:\/\/pubeurope.com\/@fr\/115429178267474590","error":""},"_links":{"self":[{"href":"https:\/\/www.europesays.com\/fr\/wp-json\/wp\/v2\/posts\/486760","targetHints":{"allow":["GET"]}}],"collection":[{"href":"https:\/\/www.europesays.com\/fr\/wp-json\/wp\/v2\/posts"}],"about":[{"href":"https:\/\/www.europesays.com\/fr\/wp-json\/wp\/v2\/types\/post"}],"author":[{"embeddable":true,"href":"https:\/\/www.europesays.com\/fr\/wp-json\/wp\/v2\/users\/2"}],"replies":[{"embeddable":true,"href":"https:\/\/www.europesays.com\/fr\/wp-json\/wp\/v2\/comments?post=486760"}],"version-history":[{"count":0,"href":"https:\/\/www.europesays.com\/fr\/wp-json\/wp\/v2\/posts\/486760\/revisions"}],"wp:featuredmedia":[{"embeddable":true,"href":"https:\/\/www.europesays.com\/fr\/wp-json\/wp\/v2\/media\/486761"}],"wp:attachment":[{"href":"https:\/\/www.europesays.com\/fr\/wp-json\/wp\/v2\/media?parent=486760"}],"wp:term":[{"taxonomy":"category","embeddable":true,"href":"https:\/\/www.europesays.com\/fr\/wp-json\/wp\/v2\/categories?post=486760"},{"taxonomy":"post_tag","embeddable":true,"href":"https:\/\/www.europesays.com\/fr\/wp-json\/wp\/v2\/tags?post=486760"}],"curies":[{"name":"wp","href":"https:\/\/api.w.org\/{rel}","templated":true}]}}