{"id":486764,"date":"2025-10-24T12:40:36","date_gmt":"2025-10-24T12:40:36","guid":{"rendered":"https:\/\/www.europesays.com\/fr\/486764\/"},"modified":"2025-10-24T12:40:36","modified_gmt":"2025-10-24T12:40:36","slug":"la-carte-des-departements-les-plus-touches-par-le-virus","status":"publish","type":"post","link":"https:\/\/www.europesays.com\/fr\/486764\/","title":{"rendered":"la carte des d\u00e9partements les plus touch\u00e9s par le virus"},"content":{"rendered":"<p class=\"mb-4 text-lg md:leading-8 break-words\">La vague de contaminations de Covid-19, d\u00e9but\u00e9e il y a plusieurs semaines, semble toucher \u00e0 sa fin, comme le montrent plusieurs indicateurs. Ainsi, sur une semaine, la part des cas de Covid-19 dans les passages aux urgences est en net recul avec une baisse de plus de 10% en moyenne.<\/p>\n<p class=\"mb-4 text-lg md:leading-8 break-words\">Un recul constat\u00e9 par <a data-i13n=\"cpos:1;pos:1\" href=\"https:\/\/www.santepubliquefrance.fr\/maladies-et-traumatismes\/maladies-et-infections-respiratoires\/grippe\/documents\/bulletin-national\/infections-respiratoires-aigues-grippe-bronchiolite-covid-19-.-bulletin-du-22-octobre-2025\" rel=\"nofollow noopener\" target=\"_blank\" data-ylk=\"slk:Sant\u00e9 Publique France;cpos:1;pos:1;elm:context_link;itc:0;sec:content-canvas\" class=\"link \">Sant\u00e9 Publique France<\/a> dans son bulletin hebdomadaire, selon lequel le taux d\u2019incidence des cas de Covid-19 est estim\u00e9 \u00e0 28 cas pour 100 000 habitants contre 40 pour 100 000 habitants la semaine pr\u00e9c\u00e9dente.<\/p>\n<p>25 d\u00e9partements font face \u00e0 une hausse<\/p>\n<p class=\"mb-4 text-lg md:leading-8 break-words\">Seuls 25 d\u00e9partements enregistrent une augmentation de la part des cas de Covid dans les passages aux urgences en une semaine. Une hausse particuli\u00e8rement marqu\u00e9e en Charente (+110%), en Haute-Marne (+185%), mais surtout dans les Landes, avec une hausse sup\u00e9rieure \u00e0 200%.<\/p>\n<p class=\"mb-4 text-lg md:leading-8 break-words\">\u00c0 l&rsquo;inverse, comme on peut le constater sur la carte ci-dessous, la plupart des d\u00e9partements enregistrent un recul, sp\u00e9cialement marqu\u00e9 dans l&rsquo;Allier et le Val-d&rsquo;Oise, o\u00f9 il n&rsquo;y a plus de cas de Covid aux urgences, ce qui correspond \u00e0 une baisse de 100%, mais aussi dans la Vienne et dans la Somme, avec un recul de plus de 70%.<\/p>\n<p>3 d\u00e9partements avec plus de 1% des passages aux urgences d\u00fbs au Covid<\/p>\n<p class=\"mb-4 text-lg md:leading-8 break-words\">Dans certains d\u00e9partements, la part des cas de Covid dans les passages aux urgences reste relativement \u00e9lev\u00e9e, avec plus de 1% des passages d\u00fbs au virus. Ainsi, la Dr\u00f4me, l&rsquo;Ari\u00e8ge et les Hauts-de-Seine sont les trois d\u00e9partements les plus touch\u00e9s avec respectivement 1,58, 1,37% et 1,22% des passages aux urgences. Les Hautes-Pyr\u00e9n\u00e9es sont juste au-dessus de la barre de 1%, tandis que le Calvados et le Bas-Rhin sont tr\u00e8s l\u00e9g\u00e8rement en-dessous.<\/p>\n<p class=\"mb-4 text-lg md:leading-8 break-words\">Dans d&rsquo;autres d\u00e9partements, le Covid p\u00e8se tr\u00e8s peu sur l&rsquo;activit\u00e9 des urgences. Outre le Val-d&rsquo;Oise et l&rsquo;Allier o\u00f9 il n&rsquo;y a pas eu de cas de Covid aux urgences la semaine pass\u00e9e, les Yvelines, la Somme, la Seine-Maritime, la Sa\u00f4ne-et-Loire, le Puy-de-D\u00f4me, l&rsquo;Oise, les Alpes-Maritimes, l&rsquo;Indre-et-Loire et la Haute-Loire enregistrent une part des cas de Covid dans les passages aux urgences inf\u00e9rieure \u00e0 0,2%, comme l&rsquo;illustre la carte ci-dessous.<\/p>\n<p>Les d\u00e9partements de la moiti\u00e9 Est plus touch\u00e9s<\/p>\n<p class=\"mb-4 text-lg md:leading-8 break-words\">Selon Sant\u00e9 Publique France, le nombre de passages aux urgences pour suspicion de Covid-19 est de 1 504, soit 0,4% de l\u2019ensemble des passages, contre 0,5% la semaine pr\u00e9c\u00e9dente. Globalement les d\u00e9partements de l&rsquo;Est du pays sont davantage touch\u00e9s que ceux des r\u00e9gions de l&rsquo;Ouest du pays.<\/p>\n<p class=\"mb-4 text-lg md:leading-8 break-words\">\u00c0 noter que la campagne de vaccination contre le Covid-19 a d\u00e9but\u00e9 mardi 14 octobre, et cible comme chaque ann\u00e9e les plus de 65 ans, mais aussi les personnes jug\u00e9es \u00e0 risque, dont font partie les femmes enceintes par exemple. Tous sont cens\u00e9s avoir re\u00e7u un courrier de l&rsquo;Assurance maladie pour les inviter \u00e0 se faire vacciner sans reste \u00e0 charge.<\/p>\n","protected":false},"excerpt":{"rendered":"La vague de contaminations de Covid-19, d\u00e9but\u00e9e il y a plusieurs semaines, semble toucher \u00e0 sa fin, comme&hellip;\n","protected":false},"author":2,"featured_media":486765,"comment_status":"","ping_status":"","sticky":false,"template":"","format":"standard","meta":{"footnotes":""},"categories":[10],"tags":[4400,16680,1011,27,72,71],"class_list":{"0":"post-486764","1":"post","2":"type-post","3":"status-publish","4":"format-standard","5":"has-post-thumbnail","7":"category-sante","8":"tag-covid","9":"tag-departements","10":"tag-fr","11":"tag-france","12":"tag-health","13":"tag-sante"},"share_on_mastodon":{"url":"https:\/\/pubeurope.com\/@fr\/115429194018590365","error":""},"_links":{"self":[{"href":"https:\/\/www.europesays.com\/fr\/wp-json\/wp\/v2\/posts\/486764","targetHints":{"allow":["GET"]}}],"collection":[{"href":"https:\/\/www.europesays.com\/fr\/wp-json\/wp\/v2\/posts"}],"about":[{"href":"https:\/\/www.europesays.com\/fr\/wp-json\/wp\/v2\/types\/post"}],"author":[{"embeddable":true,"href":"https:\/\/www.europesays.com\/fr\/wp-json\/wp\/v2\/users\/2"}],"replies":[{"embeddable":true,"href":"https:\/\/www.europesays.com\/fr\/wp-json\/wp\/v2\/comments?post=486764"}],"version-history":[{"count":0,"href":"https:\/\/www.europesays.com\/fr\/wp-json\/wp\/v2\/posts\/486764\/revisions"}],"wp:featuredmedia":[{"embeddable":true,"href":"https:\/\/www.europesays.com\/fr\/wp-json\/wp\/v2\/media\/486765"}],"wp:attachment":[{"href":"https:\/\/www.europesays.com\/fr\/wp-json\/wp\/v2\/media?parent=486764"}],"wp:term":[{"taxonomy":"category","embeddable":true,"href":"https:\/\/www.europesays.com\/fr\/wp-json\/wp\/v2\/categories?post=486764"},{"taxonomy":"post_tag","embeddable":true,"href":"https:\/\/www.europesays.com\/fr\/wp-json\/wp\/v2\/tags?post=486764"}],"curies":[{"name":"wp","href":"https:\/\/api.w.org\/{rel}","templated":true}]}}