{"id":486770,"date":"2025-10-24T12:44:19","date_gmt":"2025-10-24T12:44:19","guid":{"rendered":"https:\/\/www.europesays.com\/fr\/486770\/"},"modified":"2025-10-24T12:44:19","modified_gmt":"2025-10-24T12:44:19","slug":"quelle-est-la-date-de-sortie-des-galaxy-s26-samsung-bousculerait-tous-ses-plans","status":"publish","type":"post","link":"https:\/\/www.europesays.com\/fr\/486770\/","title":{"rendered":"Quelle est la date de sortie des Galaxy S26 ? Samsung bousculerait tous ses plans"},"content":{"rendered":"<p>Une sortie des Galaxy S26 en mars 2026 au lieu de janvier se pr\u00e9cise encore un peu plus puisque Samsung accuserait quelques retards dans la production des smartphones.<\/p>\n<p><a href=\"https:\/\/images.frandroid.com\/wp-content\/uploads\/2025\/10\/samsung-galaxy-s26-ultra-rendu.jpg\" target=\"_blank\" class=\"article-content__figure\" rel=\"noopener\"><img fetchpriority=\"high\" decoding=\"async\" loading=\"eager\" width=\"1200\" height=\"675\" src=\"https:\/\/www.europesays.com\/fr\/wp-content\/uploads\/2025\/10\/samsung-galaxy-s26-ultra-rendu.jpg\" alt=\"\" class=\"wp-image-2842563 wp-image wp-image\"  \/><\/a>Rendu du Samsung Galaxy S26 Ultra \/\/ Source : OnLeaks et Android Headlines<\/p>\n<p>Derni\u00e8rement, Samsung a pris l\u2019habitude de sortir ses <a href=\"https:\/\/www.frandroid.com\/guide-dachat\/386688_quels-smartphone-samsung-choisir-parmi-les-differentes-gammes-galaxy\" target=\"_blank\" rel=\"noopener\">smartphones Galaxy<\/a> S en janvier pour d\u00e9marrer l\u2019ann\u00e9e en trombe. Sauf que la donne changerait consid\u00e9rablement pour les Galaxy S26 de 2026.<\/p>\n<p>Apr\u00e8s de premi\u00e8res informations <a target=\"_blank\" href=\"https:\/\/techmaniacs.gr\/apokleistiko-ton-martio-ta-nea-galaxy-s26-ta-prota-charaktiristika\/\" rel=\"noopener\">du site grec Techmaniacs<\/a> pointant vers un lancement en mars 2026, c\u2019est le journal cor\u00e9en <a target=\"_blank\" href=\"https:\/\/www.thelec.kr\/news\/articleView.html?idxno=42625\" rel=\"noopener\">The Elec<\/a> qui vient apporter du cr\u00e9dit \u00e0 cette rumeur en indiquant que la production en s\u00e9rie des Galaxy S26 aurait pris du retard.<\/p>\n<p>Changement de strat\u00e9gie chez Samsung ?<\/p>\n<p>Ainsi, selon plusieurs sources au sein de l\u2019industrie, la production du <a href=\"https:\/\/www.frandroid.com\/marques\/samsung\/2837503_voici-pourquoi-le-s26-ultra-naura-pas-besoin-du-snapdragon-8-elite-gen-5-pour-etre-le-roi-des-smartphones\" target=\"_blank\" rel=\"noopener\">Galaxy S26 Ultra<\/a> ne d\u00e9buterait qu\u2019en d\u00e9cembre 2025. Celle des Galaxy S26 et Galaxy S26 Plus attendrait m\u00eame janvier 2026 pour d\u00e9marrer.<\/p>\n<p>Ce retard dans la production serait due \u00e0 des d\u00e9cisions de derni\u00e8re minute dans la strat\u00e9gie de Samsung pour cette gamme S26 avec notamment <a href=\"https:\/\/www.frandroid.com\/marques\/samsung\/2833947_le-smartphone-ultrafin-de-samsung-est-un-echec-le-galaxy-s26-edge-est-annule\" target=\"_blank\" rel=\"noopener\">l\u2019abandon du mod\u00e8le ultra fin Galaxy S26 Edge<\/a> apr\u00e8s un \u00e9chec commercial du <a href=\"https:\/\/www.frandroid.com\/marques\/samsung\/2646685_test-du-samsung-galaxy-s25-edge-a-qui-peut-on-vraiment-recommander-ce-smartphone\" target=\"_blank\" rel=\"noopener\">Galaxy S25 Edge<\/a>.<\/p>\n<p>Pas de surprise finalement sur les noms des S26 ?<\/p>\n<p>D\u2019ailleurs, alors qu\u2019on s\u2019attendait pendant un temps \u00e0 une gamme aux nomenclatures revisit\u00e9es avec un Galaxy S26 Pro, Galaxy S26 Edge et Galaxy S26 Ultra (sans mod\u00e8le Plus), les derni\u00e8res informations vont plut\u00f4t dans le sens <a href=\"https:\/\/www.frandroid.com\/marques\/samsung\/2835765_cest-confirme-samsung-a-bien-remanie-ses-galaxy-s26-et-un-smartphone-en-remplace-un-autre\" target=\"_blank\" rel=\"noopener\">d\u2019une organisation plus classique de la future g\u00e9n\u00e9ration<\/a> :<\/p>\n<ul class=\"wp-block-list\">\n<li>Galaxy S26 ;<\/li>\n<li>Galaxy S26 Plus ;<\/li>\n<li>Galaxy S26 Ultra ;<\/li>\n<li>(pas de Galaxy S26 Edge).<\/li>\n<\/ul>\n<p>Une sortie en mars 2026 des Samsung Galaxy S26 reste \u00e9videmment \u00e0 confirmer, mais l\u2019hypoth\u00e8se parait plus que jamais plausible.<\/p>\n","protected":false},"excerpt":{"rendered":"Une sortie des Galaxy S26 en mars 2026 au lieu de janvier se pr\u00e9cise encore un peu plus&hellip;\n","protected":false},"author":2,"featured_media":486771,"comment_status":"","ping_status":"","sticky":false,"template":"","format":"standard","meta":{"footnotes":""},"categories":[7],"tags":[1011,27,60998,60999,51782,43,40,41,39,42,44],"class_list":{"0":"post-486770","1":"post","2":"type-post","3":"status-publish","4":"format-standard","5":"has-post-thumbnail","7":"category-sciences-et-technologies","8":"tag-fr","9":"tag-france","10":"tag-samsung-galaxy-s26","11":"tag-samsung-galaxy-s26-plus","12":"tag-samsung-galaxy-s26-ultra","13":"tag-science","14":"tag-science-and-technology","15":"tag-sciences","16":"tag-sciences-et-technologies","17":"tag-technologies","18":"tag-technology"},"share_on_mastodon":{"url":"https:\/\/pubeurope.com\/@fr\/115429210711333332","error":""},"_links":{"self":[{"href":"https:\/\/www.europesays.com\/fr\/wp-json\/wp\/v2\/posts\/486770","targetHints":{"allow":["GET"]}}],"collection":[{"href":"https:\/\/www.europesays.com\/fr\/wp-json\/wp\/v2\/posts"}],"about":[{"href":"https:\/\/www.europesays.com\/fr\/wp-json\/wp\/v2\/types\/post"}],"author":[{"embeddable":true,"href":"https:\/\/www.europesays.com\/fr\/wp-json\/wp\/v2\/users\/2"}],"replies":[{"embeddable":true,"href":"https:\/\/www.europesays.com\/fr\/wp-json\/wp\/v2\/comments?post=486770"}],"version-history":[{"count":0,"href":"https:\/\/www.europesays.com\/fr\/wp-json\/wp\/v2\/posts\/486770\/revisions"}],"wp:featuredmedia":[{"embeddable":true,"href":"https:\/\/www.europesays.com\/fr\/wp-json\/wp\/v2\/media\/486771"}],"wp:attachment":[{"href":"https:\/\/www.europesays.com\/fr\/wp-json\/wp\/v2\/media?parent=486770"}],"wp:term":[{"taxonomy":"category","embeddable":true,"href":"https:\/\/www.europesays.com\/fr\/wp-json\/wp\/v2\/categories?post=486770"},{"taxonomy":"post_tag","embeddable":true,"href":"https:\/\/www.europesays.com\/fr\/wp-json\/wp\/v2\/tags?post=486770"}],"curies":[{"name":"wp","href":"https:\/\/api.w.org\/{rel}","templated":true}]}}