{"id":486774,"date":"2025-10-24T12:46:15","date_gmt":"2025-10-24T12:46:15","guid":{"rendered":"https:\/\/www.europesays.com\/fr\/486774\/"},"modified":"2025-10-24T12:46:15","modified_gmt":"2025-10-24T12:46:15","slug":"un-voyageur-sort-une-grenade-sur-le-quai-de-la-gare-au-moins-quatre-morts-et-12-blesses-dans-lexplosion","status":"publish","type":"post","link":"https:\/\/www.europesays.com\/fr\/486774\/","title":{"rendered":"Un voyageur sort une grenade sur le quai de la gare\u00a0: au moins quatre morts et 12 bless\u00e9s dans l\u2019explosion"},"content":{"rendered":"<p>\n                                                                En Ukraine, quatre personnes sont mortes et 12 ont \u00e9t\u00e9 bless\u00e9es dans l\u2019explosion d\u2019une grenade sur un quai de gare.\n                            <\/p>\n<p>Quatre personnes sont mortes et 12 ont \u00e9t\u00e9 bless\u00e9es dans l\u2019explosion d\u2019une grenade sur un quai de gare en Ukraine.<\/p>\n<p>Quatre morts<\/p>\n<p>Un voyageur a d\u00e9clench\u00e9 un engin explosif vendredi sur le quai d\u2019une gare d\u2019une ville du nord de l\u2019Ukraine au moment d\u2019un contr\u00f4le, entra\u00eenant sa mort et celle de trois autres personnes, et faisant 12 bless\u00e9s, a indiqu\u00e9 la police sans plus de pr\u00e9cisions.<\/p>\n<p>Selon les autorit\u00e9s, cet homme, \u00e2g\u00e9 de 23 ans, avait tent\u00e9 r\u00e9cemment de quitter ill\u00e9galement le pays.<\/p>\n<p>\u00ab\u00a0Des gardes-fronti\u00e8res v\u00e9rifiaient les papiers des passagers d\u2019un train quand l\u2019un d\u2019eux a sorti un engin explosif sur le quai, qui a ensuite explos\u00e9\u00a0\u00bb, a d\u00e9clar\u00e9 la police ukrainienne dans un communiqu\u00e9.<\/p>\n<p>Cet homme, \u00e2g\u00e9 de 23 ans, ainsi que trois femmes ont \u00e9t\u00e9 tu\u00e9s. Les m\u00e9dias ukrainiens ont indiqu\u00e9 qu\u2019il s\u2019agissait d\u2019une grenade.<\/p>\n<p>Il tentait de passer ill\u00e9galement la fronti\u00e8re ukrainienne<\/p>\n<p>Les faits se sont d\u00e9roul\u00e9s dans la gare d\u2019Ovroutch, une ville de la r\u00e9gion de Jytomyr situ\u00e9e non loin de la fronti\u00e8re avec le B\u00e9larus.<\/p>\n<p>Pour l\u2019heure, les autorit\u00e9s ukrainiennes n\u2019ont pas donn\u00e9 plus d\u2019informations sur le d\u00e9roulement de l\u2019incident.<\/p>\n<p>Dans un communiqu\u00e9, le service des gardes-fronti\u00e8res a affirm\u00e9 que l\u2019homme qui a d\u00e9clench\u00e9 cet engin explosif avait, selon des informations pr\u00e9liminaires, r\u00e9cemment \u00e9t\u00e9 arr\u00eat\u00e9 par les autorit\u00e9s apr\u00e8s avoir tent\u00e9 de traverser ill\u00e9galement la fronti\u00e8re ukrainienne dans l\u2019ouest du pays.<\/p>\n<p><a href=\"https:\/\/www.midilibre.fr\/actu\/monde\/ukraine\/\" target=\"_self\" rel=\"nofollow noopener\">Apr\u00e8s le d\u00e9but de l\u2019invasion russe \u00e0 grande \u00e9chelle de l\u2019Ukraine<\/a>, en f\u00e9vrier\u00a02022, les hommes \u00e2g\u00e9s de 18 \u00e0 60 ans ont eu interdiction de quitter l\u2019Ukraine, sauf exceptions, dans le cadre de la loi martiale.<\/p>\n<p>Des milliers d\u2019entre eux ont tent\u00e9 de fuir ill\u00e9galement le pays, parfois au p\u00e9ril de leur vie, notamment pour \u00e9viter d\u2019\u00eatre mobilis\u00e9s dans l\u2019arm\u00e9e.<\/p>\n<p>Fin ao\u00fbt, les autorit\u00e9s ukrainiennes ont permis aux hommes \u00e2g\u00e9s de 18 \u00e0 22 ans de se rendre \u00e0 l\u2019\u00e9tranger. Ces hommes ne sont pas concern\u00e9s par la mobilisation militaire, dont l\u2019\u00e2ge minimal a \u00e9t\u00e9 abaiss\u00e9 en avril\u00a02024 \u00e0 25 ans.<\/p>\n","protected":false},"excerpt":{"rendered":"En Ukraine, quatre personnes sont mortes et 12 ont \u00e9t\u00e9 bless\u00e9es dans l\u2019explosion d\u2019une grenade sur un quai&hellip;\n","protected":false},"author":2,"featured_media":486775,"comment_status":"","ping_status":"","sticky":false,"template":"","format":"standard","meta":{"footnotes":""},"categories":[5],"tags":[11,1011,27,14,12,28],"class_list":{"0":"post-486774","1":"post","2":"type-post","3":"status-publish","4":"format-standard","5":"has-post-thumbnail","7":"category-international","8":"tag-actualites","9":"tag-fr","10":"tag-france","11":"tag-international","12":"tag-news","13":"tag-world"},"share_on_mastodon":{"url":"https:\/\/pubeurope.com\/@fr\/115429217716246815","error":""},"_links":{"self":[{"href":"https:\/\/www.europesays.com\/fr\/wp-json\/wp\/v2\/posts\/486774","targetHints":{"allow":["GET"]}}],"collection":[{"href":"https:\/\/www.europesays.com\/fr\/wp-json\/wp\/v2\/posts"}],"about":[{"href":"https:\/\/www.europesays.com\/fr\/wp-json\/wp\/v2\/types\/post"}],"author":[{"embeddable":true,"href":"https:\/\/www.europesays.com\/fr\/wp-json\/wp\/v2\/users\/2"}],"replies":[{"embeddable":true,"href":"https:\/\/www.europesays.com\/fr\/wp-json\/wp\/v2\/comments?post=486774"}],"version-history":[{"count":0,"href":"https:\/\/www.europesays.com\/fr\/wp-json\/wp\/v2\/posts\/486774\/revisions"}],"wp:featuredmedia":[{"embeddable":true,"href":"https:\/\/www.europesays.com\/fr\/wp-json\/wp\/v2\/media\/486775"}],"wp:attachment":[{"href":"https:\/\/www.europesays.com\/fr\/wp-json\/wp\/v2\/media?parent=486774"}],"wp:term":[{"taxonomy":"category","embeddable":true,"href":"https:\/\/www.europesays.com\/fr\/wp-json\/wp\/v2\/categories?post=486774"},{"taxonomy":"post_tag","embeddable":true,"href":"https:\/\/www.europesays.com\/fr\/wp-json\/wp\/v2\/tags?post=486774"}],"curies":[{"name":"wp","href":"https:\/\/api.w.org\/{rel}","templated":true}]}}