{"id":486780,"date":"2025-10-24T12:50:12","date_gmt":"2025-10-24T12:50:12","guid":{"rendered":"https:\/\/www.europesays.com\/fr\/486780\/"},"modified":"2025-10-24T12:50:12","modified_gmt":"2025-10-24T12:50:12","slug":"ce-geant-de-lautomobile-ouvre-un-centre-national-de-formation-pour-5-000-salaries-par-an","status":"publish","type":"post","link":"https:\/\/www.europesays.com\/fr\/486780\/","title":{"rendered":"Ce g\u00e9ant de l\u2019automobile ouvre un centre national de formation pour\u00a05 000 salari\u00e9s par an"},"content":{"rendered":"<p>C\u2019est d\u00e9sormais officiel. Le groupe automobile Volkswagen a choisi Saint-\u00c9tienne (<a href=\"https:\/\/www.20minutes.fr\/dossier\/loire\" class=\"c-link c-link--is-underlined\" target=\"_blank\" rel=\"noopener\">Loire<\/a>) pour implanter son nouveau centre national de formation, qui regroupera les sites actuellement r\u00e9partis entre <a href=\"https:\/\/www.20minutes.fr\/bordeaux\/\" class=\"c-link c-link--is-underlined\" target=\"_blank\" rel=\"noopener\">Bordeaux <\/a>et Saint-Priest. Une d\u00e9cision salu\u00e9e par le maire Ga\u00ebl Perdriau, qui y voit \u00ab\u00a0une excellente nouvelle pour notre ville\u00a0\u00bb, rapporte <a href=\"https:\/\/actu.fr\/auvergne-rhone-alpes\/saint-etienne_42218\/saint-etienne-un-grand-groupe-automobile-installe-un-site-dans-ce-quartier-excellente-nouvelle_63339436.html\" target=\"_blank\" class=\"c-link c-link--is-underlined\" rel=\"noopener\">Actu Saint-\u00c9tienne<\/a>.<\/p>\n<p>Le futur centre s\u2019installera rue Tiblier-Verne, au c\u0153ur du quartier du Soleil, en pleine mutation urbaine et desservi par la ligne 3 du tramway STAS. \u00c0 partir de janvier\u00a02026, pr\u00e8s de 5 000 salari\u00e9s, nouveaux embauch\u00e9s et collaborateurs issus des six marques du groupe <a href=\"https:\/\/www.20minutes.fr\/economie\/auto\/\" class=\"c-link c-link--is-underlined\" target=\"_blank\" rel=\"noopener\">automobile<\/a> (Volkswagen, Audi, Seat, Cupra, Skoda et <a href=\"https:\/\/www.20minutes.fr\/auto\/4179989-20251018-volkswagen-touareg-clap-fin-pionnier-suv-allemand\" class=\"c-link c-link--is-underlined\" target=\"_blank\" rel=\"noopener\">Volkswagen<\/a> Utilitaires) viendront chaque ann\u00e9e y suivre des sessions de formation.<\/p>\n<\/p>\n<p>Un projet structurant pour le territoire<\/p>\n<p>Ce nouvel \u00e9quipement repr\u00e9sente un investissement de 1\u00a0million d\u2019euros. Il comprendra 11 salles de formation et 7 ateliers techniques de pointe, capables d\u2019accueillir jusqu\u2019\u00e0 110 stagiaires par jour, encadr\u00e9s par une centaine de formateurs. Au-del\u00e0 de son impact industriel, le projet profitera \u00e9galement \u00e0 l\u2019\u00e9conomie locale. \u00ab\u00a0C\u2019est une belle opportunit\u00e9 aussi pour l\u2019h\u00f4tellerie et les commerces st\u00e9phanois, puisque la plupart des stagiaires seront h\u00e9berg\u00e9s sur place\u00a0\u00bb, souligne Ga\u00ebl Perdriau.<\/p>\n<p><a href=\"https:\/\/www.20minutes.fr\/economie\/\" class=\"c-link c-btn c-btn--primary\" target=\"_blank\" rel=\"noopener\">Plus d&rsquo;articles Economie<\/a><\/p>\n<p>Pour l\u2019\u00e9lu, cette implantation t\u00e9moigne du renouveau de la ville\u00a0: \u00ab\u00a0Ce choix de <a href=\"https:\/\/www.20minutes.fr\/dossier\/saint-etienne\" class=\"c-link c-link--is-underlined\" target=\"_blank\" rel=\"noopener\">Saint-\u00c9tienne<\/a> est la preuve que notre ville attire par son dynamisme, sa qualit\u00e9 d\u2019accueil et la comp\u00e9titivit\u00e9 de son territoire\u00a0\u00bb.<\/p>\n","protected":false},"excerpt":{"rendered":"C\u2019est d\u00e9sormais officiel. Le groupe automobile Volkswagen a choisi Saint-\u00c9tienne (Loire) pour implanter son nouveau centre national de&hellip;\n","protected":false},"author":2,"featured_media":486781,"comment_status":"","ping_status":"","sticky":false,"template":"","format":"standard","meta":{"footnotes":""},"categories":[9653],"tags":[1111,47,11,2430,33,1777,674,1011,27,3367,12,25,2431,4001,7816],"class_list":{"0":"post-486780","1":"post","2":"type-post","3":"status-publish","4":"format-standard","5":"has-post-thumbnail","7":"category-saint-etienne","8":"tag-actu","9":"tag-actualite","10":"tag-actualites","11":"tag-auvergne-rhone-alpes","12":"tag-economie","13":"tag-eu","14":"tag-europe","15":"tag-fr","16":"tag-france","17":"tag-loire","18":"tag-news","19":"tag-republique-francaise","20":"tag-rhone-alpes","21":"tag-saint-etienne","22":"tag-volkswagen"},"share_on_mastodon":{"url":"https:\/\/pubeurope.com\/@fr\/115429233386567275","error":""},"_links":{"self":[{"href":"https:\/\/www.europesays.com\/fr\/wp-json\/wp\/v2\/posts\/486780","targetHints":{"allow":["GET"]}}],"collection":[{"href":"https:\/\/www.europesays.com\/fr\/wp-json\/wp\/v2\/posts"}],"about":[{"href":"https:\/\/www.europesays.com\/fr\/wp-json\/wp\/v2\/types\/post"}],"author":[{"embeddable":true,"href":"https:\/\/www.europesays.com\/fr\/wp-json\/wp\/v2\/users\/2"}],"replies":[{"embeddable":true,"href":"https:\/\/www.europesays.com\/fr\/wp-json\/wp\/v2\/comments?post=486780"}],"version-history":[{"count":0,"href":"https:\/\/www.europesays.com\/fr\/wp-json\/wp\/v2\/posts\/486780\/revisions"}],"wp:featuredmedia":[{"embeddable":true,"href":"https:\/\/www.europesays.com\/fr\/wp-json\/wp\/v2\/media\/486781"}],"wp:attachment":[{"href":"https:\/\/www.europesays.com\/fr\/wp-json\/wp\/v2\/media?parent=486780"}],"wp:term":[{"taxonomy":"category","embeddable":true,"href":"https:\/\/www.europesays.com\/fr\/wp-json\/wp\/v2\/categories?post=486780"},{"taxonomy":"post_tag","embeddable":true,"href":"https:\/\/www.europesays.com\/fr\/wp-json\/wp\/v2\/tags?post=486780"}],"curies":[{"name":"wp","href":"https:\/\/api.w.org\/{rel}","templated":true}]}}