{"id":486784,"date":"2025-10-24T12:52:14","date_gmt":"2025-10-24T12:52:14","guid":{"rendered":"https:\/\/www.europesays.com\/fr\/486784\/"},"modified":"2025-10-24T12:52:14","modified_gmt":"2025-10-24T12:52:14","slug":"on-vous-dit-ou-et-quand-elle-pourrait-ouvrir","status":"publish","type":"post","link":"https:\/\/www.europesays.com\/fr\/486784\/","title":{"rendered":"on vous dit o\u00f9 et quand elle pourrait ouvrir"},"content":{"rendered":"<p>            Par<br \/>\n        <strong><br \/>\n            <a href=\"https:\/\/actu.fr\/auteur\/pierre-emile-bouchy-actu-fr\" title=\"Consulter tous les articles de Paul-Emile Bouchy\" target=\"_blank\" rel=\"noopener\">Paul-Emile Bouchy<\/a><br \/>\n        <\/strong><\/p>\n<p>        Publi\u00e9 le<\/p>\n<p>            24 oct. 2025 \u00e0 13h43        <\/p>\n<p>Dans les zones rurales, les professionnels de <a href=\"https:\/\/actu.fr\/tag\/sante\" target=\"_blank\" rel=\"noopener\">sant\u00e9<\/a> se regroupent de plus en plus dans <strong>des maisons de sant\u00e9 pluriprofessionnelles (MSP)<\/strong> et ainsi maintenir un acc\u00e8s aux soins \u00e0 leurs patients.<\/p>\n<p class=\" wall-content\">Sur la ville de <a href=\"https:\/\/actu.fr\/grand-est\/nancy_54395\" target=\"_blank\" rel=\"noopener\">Nancy<\/a>, une seule de ces structures est actuellement en activit\u00e9. Cela pourrait bient\u00f4t \u00e9voluer avec <strong>le projet d\u2019une maison de sant\u00e9 port\u00e9 par plusieurs m\u00e9decins g\u00e9n\u00e9ralistes<\/strong>. Voici o\u00f9 elle serait situ\u00e9e.<\/p>\n<p>Une maison de sant\u00e9 au c\u0153ur du quartier de M\u00e9dreville<\/p>\n<p class=\" wall-content\">Cette future maison de sant\u00e9 serait <strong>construite dans le quartier de M\u00e9dreville<\/strong>, <strong>\u00e0 la place de l\u2019ancienne station-service Match<\/strong>, rue de Laxou.<\/p>\n<p class=\" wall-content\">D\u2019une surface totale de <strong>695 m\u00b2<\/strong>, elle pourrait accueillir <strong>une quinzaine de professionnelles<\/strong> de sant\u00e9. \u00ab\u2009Nous sommes d\u00e9j\u00e0 quatre m\u00e9decins g\u00e9n\u00e9ralistes, deux infirmi\u00e8res lib\u00e9rales, une sage-femme, une orthophoniste. <strong>On est ouvert pour accueillir tous types de sp\u00e9cialistes<\/strong>\u2009\u00bb, explique Martin Vigneron, un des m\u00e9decins \u00e0 l\u2019initiative de ce projet.<\/p>\n<p>    <img   decoding=\"async\" loading=\"lazy\" src=\"https:\/\/www.europesays.com\/fr\/wp-content\/uploads\/2025\/10\/projet-maison-de-sante-medreville-960x640.jpg\" alt=\"La maison de sant\u00e9 serait \u00e0 l'emplacement de l'ancienne station-service du supermarch\u00e9 Match.\" width=\"960\" height=\"640\"\/><br \/>\n    La maison de sant\u00e9 serait \u00e0 l\u2019emplacement de l\u2019ancienne station-service du supermarch\u00e9 Match. (\u00a9Paul-Emile Bouchy \/ Lorraine Actu)Une ouverture esp\u00e9r\u00e9e pour le printemps 2027<\/p>\n<p class=\" wall-content\">Si le projet est d\u00e9j\u00e0 lanc\u00e9, ce n\u2019est pas encore le cas de la construction. \u00ab\u2009On esp\u00e8re que les fondations soient faites durant le printemps 2026 pour <strong>ouvrir au printemps 2027<\/strong>\u2009\u00bb, indique Antoine Coste, un autre m\u00e9decin au c\u0153ur du projet.<\/p>\n<p>Votre r\u00e9gion, votre actu !<\/p>\n<p>Recevez chaque jour les infos qui comptent pour vous.<\/p>\n<p>\t<a href=\"https:\/\/actu.fr\/newsletter\" class=\"ac-btn ac-btn--corner ac-btn--medium ac-btn--blue800\" target=\"_blank\" rel=\"noopener\">S&rsquo;incrire<\/a><\/p>\n<p class=\" wall-content\">Financ\u00e9 par des fonds priv\u00e9s, le co\u00fbt de ce projet est d\u2019environ <strong>2,5\u00a0millions d\u2019euros<\/strong>. Il a re\u00e7u le soutien de la M\u00e9tropole du Grand Nancy avec une subvention et l\u2019exon\u00e9ration de la taxe d\u2019am\u00e9nagement.<\/p>\n<p class=\" wall-content\">Personnalisez votre actualit\u00e9 en ajoutant vos villes et m\u00e9dias en favori avec <a href=\"https:\/\/moncompte.actu.fr\" title=\"D\u00e9couvez Mon Actu\" rel=\"nofollow noopener\" data-trk=\"{&quot;cta&quot;:{&quot;action&quot;:&quot;https:\\\/\\\/moncompte.actu.fr&quot;,&quot;category&quot;:&quot;mon compte&quot;,&quot;from&quot;:&quot;article footer&quot;,&quot;name&quot;:&quot;Mon actu&quot;,&quot;type&quot;:&quot;cta&quot;}}\" target=\"_blank\">Mon Actu<\/a>.<\/p>\n","protected":false},"excerpt":{"rendered":"Par Paul-Emile Bouchy Publi\u00e9 le 24 oct. 2025 \u00e0 13h43 Dans les zones rurales, les professionnels de sant\u00e9&hellip;\n","protected":false},"author":2,"featured_media":486785,"comment_status":"","ping_status":"","sticky":false,"template":"","format":"standard","meta":{"footnotes":""},"categories":[9635],"tags":[1111,11,1777,674,1011,27,775,2673,1702,12,25,71,104],"class_list":{"0":"post-486784","1":"post","2":"type-post","3":"status-publish","4":"format-standard","5":"has-post-thumbnail","7":"category-nancy","8":"tag-actu","9":"tag-actualites","10":"tag-eu","11":"tag-europe","12":"tag-fr","13":"tag-france","14":"tag-grand-est","15":"tag-medecins","16":"tag-nancy","17":"tag-news","18":"tag-republique-francaise","19":"tag-sante","20":"tag-societe"},"share_on_mastodon":{"url":"https:\/\/pubeurope.com\/@fr\/115429241932406933","error":""},"_links":{"self":[{"href":"https:\/\/www.europesays.com\/fr\/wp-json\/wp\/v2\/posts\/486784","targetHints":{"allow":["GET"]}}],"collection":[{"href":"https:\/\/www.europesays.com\/fr\/wp-json\/wp\/v2\/posts"}],"about":[{"href":"https:\/\/www.europesays.com\/fr\/wp-json\/wp\/v2\/types\/post"}],"author":[{"embeddable":true,"href":"https:\/\/www.europesays.com\/fr\/wp-json\/wp\/v2\/users\/2"}],"replies":[{"embeddable":true,"href":"https:\/\/www.europesays.com\/fr\/wp-json\/wp\/v2\/comments?post=486784"}],"version-history":[{"count":0,"href":"https:\/\/www.europesays.com\/fr\/wp-json\/wp\/v2\/posts\/486784\/revisions"}],"wp:featuredmedia":[{"embeddable":true,"href":"https:\/\/www.europesays.com\/fr\/wp-json\/wp\/v2\/media\/486785"}],"wp:attachment":[{"href":"https:\/\/www.europesays.com\/fr\/wp-json\/wp\/v2\/media?parent=486784"}],"wp:term":[{"taxonomy":"category","embeddable":true,"href":"https:\/\/www.europesays.com\/fr\/wp-json\/wp\/v2\/categories?post=486784"},{"taxonomy":"post_tag","embeddable":true,"href":"https:\/\/www.europesays.com\/fr\/wp-json\/wp\/v2\/tags?post=486784"}],"curies":[{"name":"wp","href":"https:\/\/api.w.org\/{rel}","templated":true}]}}