{"id":486794,"date":"2025-10-24T12:57:17","date_gmt":"2025-10-24T12:57:17","guid":{"rendered":"https:\/\/www.europesays.com\/fr\/486794\/"},"modified":"2025-10-24T12:57:17","modified_gmt":"2025-10-24T12:57:17","slug":"le-faux-policier-qui-sevissait-a-clermont-ferrand-pris-en-flagrant-delit","status":"publish","type":"post","link":"https:\/\/www.europesays.com\/fr\/486794\/","title":{"rendered":"Le faux policier qui s\u00e9vissait \u00e0 Clermont-Ferrand pris en flagrant d\u00e9lit"},"content":{"rendered":"<p>Il lui a d\u00e9rob\u00e9 ses bijoux, sa carte bancaire et de l\u2019argent. Ce lundi, une habitante de Clermont-Ferrand (<a href=\"https:\/\/www.20minutes.fr\/dossier\/puy-dome\" target=\"_blank\" class=\"c-link c-link--is-underlined\" rel=\"noopener\">Puy-de-D\u00f4me<\/a>) \u00e2g\u00e9e de 79 ans a \u00e9t\u00e9 victime d\u2019une arnaque \u00e9labor\u00e9e, mont\u00e9e par un faux policier de 26 ans et un faux banquier, d\u2019apr\u00e8s <a href=\"https:\/\/actu.fr\/auvergne-rhone-alpes\/clermont-ferrand_63113\/clermont-cet-homme-utilise-une-arnaque-bien-connue-mais-toujours-efficace-la-police-alerte_63333378.html\" target=\"_blank\" class=\"c-link c-link--is-underlined\" rel=\"noopener\">Actu.fr<\/a>.<\/p>\n<p>Dans un post publi\u00e9 sur les r\u00e9seaux sociaux lundi dernier, la police nationale du Puy-de-D\u00f4me a alert\u00e9 sur le cas d\u2019une femme de 79 ans. Elle venait d\u2019\u00eatre victime d\u2019une\u00a0<a href=\"https:\/\/www.20minutes.fr\/dossier\/escroquerie\" target=\"_blank\" class=\"c-link c-link--is-underlined\" rel=\"noopener\">escroquerie<\/a>\u00a0mont\u00e9e de toutes pi\u00e8ces par deux individus dont le mode op\u00e9ratoire est bien connu des services.<\/p>\n<\/p>\n<p>Le faux policier pris en flagrant d\u00e9lit<\/p>\n<p>Pour r\u00e9aliser leur coup, le faux banquier a d\u00fb usurper le num\u00e9ro de t\u00e9l\u00e9phone \u00e0 dix chiffres du commissariat de Clermont-Ferrand. Il a ensuite contact\u00e9 la septuag\u00e9naire en lui indiquant qu\u2019elle avait \u00e9t\u00e9 victime d\u2019une <a href=\"https:\/\/www.20minutes.fr\/dossier\/fraude\" target=\"_blank\" class=\"c-link c-link--is-underlined\" rel=\"noopener\">fraude<\/a> bancaire. Le faux policier, lui, n\u2019a eu qu\u2019\u00e0 se rendre chez la vieille dame, avant de l\u2019inciter \u00e0 lui remettre sa carte bancaire, de l\u2019argent et des bijoux.<\/p>\n<p><a href=\"https:\/\/www.20minutes.fr\/faits_divers\/\" class=\"c-link c-btn c-btn--primary\" target=\"_blank\" rel=\"noopener\">Plus d&rsquo;articles faits divers<\/a><\/p>\n<p>Les agents de la <a href=\"https:\/\/www.20minutes.fr\/dossier\/brigade_anti_criminalite\" target=\"_blank\" class=\"c-link c-link--is-underlined\" rel=\"noopener\">BAC<\/a> de Clermont-Ferrand ont finalement mis la main sur le faux policier de 26 ans. Ce dernier, pris en flagrant d\u00e9lit, a \u00e9t\u00e9\u00a0interpell\u00e9\u00a0et plac\u00e9 en garde \u00e0 vue. Face \u00e0 la recrudescence du ph\u00e9nom\u00e8ne, appel\u00e9 \u00ab\u00a0spoofing\u00a0\u00bb, il est conseill\u00e9 de proc\u00e9der \u00e0 un \u00ab\u00a0contre-appel pour v\u00e9rifier l\u2019identit\u00e9 ou le matricule de votre interlocuteur\u00a0\u00bb, selon la police du Puy-de-D\u00f4me.<\/p>\n","protected":false},"excerpt":{"rendered":"Il lui a d\u00e9rob\u00e9 ses bijoux, sa carte bancaire et de l\u2019argent. Ce lundi, une habitante de Clermont-Ferrand&hellip;\n","protected":false},"author":2,"featured_media":486795,"comment_status":"","ping_status":"","sticky":false,"template":"","format":"standard","meta":{"footnotes":""},"categories":[9587],"tags":[1111,47,11,6733,2430,9050,1777,674,118,1011,27,12,5161,1072,38353,25,9590],"class_list":{"0":"post-486794","1":"post","2":"type-post","3":"status-publish","4":"format-standard","5":"has-post-thumbnail","7":"category-rouen","8":"tag-actu","9":"tag-actualite","10":"tag-actualites","11":"tag-auvergne","12":"tag-auvergne-rhone-alpes","13":"tag-clermont-ferrand","14":"tag-eu","15":"tag-europe","16":"tag-faits-divers","17":"tag-fr","18":"tag-france","19":"tag-news","20":"tag-normandie","21":"tag-police","22":"tag-puy-de-dome","23":"tag-republique-francaise","24":"tag-rouen"},"share_on_mastodon":{"url":"https:\/\/pubeurope.com\/@fr\/115429260978919371","error":""},"_links":{"self":[{"href":"https:\/\/www.europesays.com\/fr\/wp-json\/wp\/v2\/posts\/486794","targetHints":{"allow":["GET"]}}],"collection":[{"href":"https:\/\/www.europesays.com\/fr\/wp-json\/wp\/v2\/posts"}],"about":[{"href":"https:\/\/www.europesays.com\/fr\/wp-json\/wp\/v2\/types\/post"}],"author":[{"embeddable":true,"href":"https:\/\/www.europesays.com\/fr\/wp-json\/wp\/v2\/users\/2"}],"replies":[{"embeddable":true,"href":"https:\/\/www.europesays.com\/fr\/wp-json\/wp\/v2\/comments?post=486794"}],"version-history":[{"count":0,"href":"https:\/\/www.europesays.com\/fr\/wp-json\/wp\/v2\/posts\/486794\/revisions"}],"wp:featuredmedia":[{"embeddable":true,"href":"https:\/\/www.europesays.com\/fr\/wp-json\/wp\/v2\/media\/486795"}],"wp:attachment":[{"href":"https:\/\/www.europesays.com\/fr\/wp-json\/wp\/v2\/media?parent=486794"}],"wp:term":[{"taxonomy":"category","embeddable":true,"href":"https:\/\/www.europesays.com\/fr\/wp-json\/wp\/v2\/categories?post=486794"},{"taxonomy":"post_tag","embeddable":true,"href":"https:\/\/www.europesays.com\/fr\/wp-json\/wp\/v2\/tags?post=486794"}],"curies":[{"name":"wp","href":"https:\/\/api.w.org\/{rel}","templated":true}]}}