{"id":486796,"date":"2025-10-24T12:58:14","date_gmt":"2025-10-24T12:58:14","guid":{"rendered":"https:\/\/www.europesays.com\/fr\/486796\/"},"modified":"2025-10-24T12:58:14","modified_gmt":"2025-10-24T12:58:14","slug":"cest-un-bon-point-de-pris","status":"publish","type":"post","link":"https:\/\/www.europesays.com\/fr\/486796\/","title":{"rendered":"C&rsquo;est un bon point de pris"},"content":{"rendered":"<p><img loading=\"lazy\" decoding=\"async\" width=\"696\" height=\"464\" class=\"lazyload entry-thumb\" src=\"https:\/\/www.europesays.com\/fr\/wp-content\/uploads\/2025\/07\/BROUARD-Regis-696x464.jpg\" alt=\"R\u00e9gis Brouard\" title=\"R\u00e9gis Brouard\"\/>R\u00e9gis Brouard (\u00a9 Philippe Le Brech)<\/p>\n<p style=\"font-size:20px\"><strong>L\u2019entra\u00eeneur du FC Rouen R\u00e9gis Brouard s\u2019est exprim\u00e9<a href=\"https:\/\/www.ouest-france.fr\/sport\/football\/sm-caen\/sm-caen-mi-figue-mi-raison-maxime-dornano-ne-se-satisfait-pas-du-match-nul-dans-le-derby-0a22c00c-aea2-11f0-ad64-c51ff7d9b96e\" target=\"_blank\" rel=\"noreferrer noopener\"> dans les colonnes de notre partenaire Ouest-France <\/a>apr\u00e8s le match nul de son \u00e9quipe sur la pelouse du SM Caen lors de <a href=\"https:\/\/footamateur.ouest-france.fr\/national-j11-dijon-et-orleans-enchainent-fin-de-serie-pour-rouen\/\" target=\"_blank\" rel=\"noreferrer noopener\">la 11\u00e8me journ\u00e9e du National<\/a>. <\/strong><\/p>\n<p>\u00ab\u00a0Je trouve qu\u2019on a fait une tr\u00e8s bonne premi\u00e8re demi-heure, on a marqu\u00e9 un but magnifique, puis on a perdu un peu le fil. On a recul\u00e9. Cela leur a permis de nous mettre un peu sous pression. On a pris un but, sur une action qui n\u2019est m\u00eame pas une action de but, c\u2019est un centre. On est tous surpris de ce but venu d\u2019ailleurs. J\u2019aurais \u00e9t\u00e9 curieux de voir \u00e0 0-1 \u00e0 la mi-temps, comment on se serait comport\u00e9. <\/p>\n<p>Puis en deuxi\u00e8me p\u00e9riode, avec le rouge (de Benzia, 53\u2019), on sait qu\u2019on va souffrir. On a bien d\u00e9fendu, on aurait pu profiter d\u2019un ballon de contre m\u00eame. C\u2019est un bon point de pris, on connaissait l\u2019urgence du Stade Malherbe Caen de gagner. On va se satisfaire de ce nul.<\/p>\n<p>17\u00a0000\u00a0personnes pour un match de National, c\u2019est incroyable. Je trouve qu\u2019il y a eu une ambiance sympa. Je remercie les supporters de Rouen aussi qui nous ont soutenus jusqu\u2019au bout. C\u2019est un match qui va nous servir, qui va nous faire gagner en exp\u00e9rience.\u00ab\u00a0<\/p>\n<p><a href=\"https:\/\/footamateur.ouest-france.fr\/author\/fred\/\" class=\"url\" title=\"Fr\u00e9d\u00e9ric Sougey\" target=\"_blank\" rel=\"noopener\"> <img decoding=\"async\" src=\"https:\/\/www.europesays.com\/fr\/wp-content\/uploads\/2025\/04\/gnlpcfya_400x400.jpg\" class=\"lazyload photo\" width=\"250\" alt=\"Fr\u00e9d\u00e9ric Sougey\"\/><\/a><\/p>\n<p>Journaliste chez Sports M\u00e9dia<\/p>\n<p>Elev\u00e9 au c\u0153ur des Alpes, Fred quitte (temporairement) son Grenoble ador\u00e9 pour pr\u00eater sa plume et son regard au monde amateur et plus particuli\u00e8rement au Championnat National dont il est un assidu observateur. Fan de tartiflette, de Karim Mokeddem et de Mulholland Drive. Les bonnes choses de la vie, en somme.<\/p>\n<p><a href=\"https:\/\/footamateur.ouest-france.fr\/author\/fred\/\" class=\"url\" title=\"Fr\u00e9d\u00e9ric Sougey\" target=\"_blank\" rel=\"noopener\"><img decoding=\"async\" src=\"https:\/\/www.europesays.com\/fr\/wp-content\/uploads\/2025\/04\/gnlpcfya_400x400.jpg\" class=\"lazyload photo\" width=\"250\" alt=\"Fr\u00e9d\u00e9ric Sougey\"\/><\/a>Les derniers articles par Fr\u00e9d\u00e9ric Sougey (<a href=\"https:\/\/footamateur.ouest-france.fr\/author\/fred\/\" target=\"_blank\" rel=\"noopener\">tout voir<\/a>)<\/p>\n","protected":false},"excerpt":{"rendered":"R\u00e9gis Brouard (\u00a9 Philippe Le Brech) L\u2019entra\u00eeneur du FC Rouen R\u00e9gis Brouard s\u2019est exprim\u00e9 dans les colonnes de&hellip;\n","protected":false},"author":2,"featured_media":217596,"comment_status":"","ping_status":"","sticky":false,"template":"","format":"standard","meta":{"footnotes":""},"categories":[9587],"tags":[1111,11,1777,674,12003,1011,27,12,5161,23067,25,9590,15104],"class_list":{"0":"post-486796","1":"post","2":"type-post","3":"status-publish","4":"format-standard","5":"has-post-thumbnail","7":"category-rouen","8":"tag-actu","9":"tag-actualites","10":"tag-eu","11":"tag-europe","12":"tag-fc-rouen","13":"tag-fr","14":"tag-france","15":"tag-news","16":"tag-normandie","17":"tag-regis-brouard","18":"tag-republique-francaise","19":"tag-rouen","20":"tag-sm-caen"},"share_on_mastodon":{"url":"https:\/\/pubeurope.com\/@fr\/115429266586074252","error":""},"_links":{"self":[{"href":"https:\/\/www.europesays.com\/fr\/wp-json\/wp\/v2\/posts\/486796","targetHints":{"allow":["GET"]}}],"collection":[{"href":"https:\/\/www.europesays.com\/fr\/wp-json\/wp\/v2\/posts"}],"about":[{"href":"https:\/\/www.europesays.com\/fr\/wp-json\/wp\/v2\/types\/post"}],"author":[{"embeddable":true,"href":"https:\/\/www.europesays.com\/fr\/wp-json\/wp\/v2\/users\/2"}],"replies":[{"embeddable":true,"href":"https:\/\/www.europesays.com\/fr\/wp-json\/wp\/v2\/comments?post=486796"}],"version-history":[{"count":0,"href":"https:\/\/www.europesays.com\/fr\/wp-json\/wp\/v2\/posts\/486796\/revisions"}],"wp:featuredmedia":[{"embeddable":true,"href":"https:\/\/www.europesays.com\/fr\/wp-json\/wp\/v2\/media\/217596"}],"wp:attachment":[{"href":"https:\/\/www.europesays.com\/fr\/wp-json\/wp\/v2\/media?parent=486796"}],"wp:term":[{"taxonomy":"category","embeddable":true,"href":"https:\/\/www.europesays.com\/fr\/wp-json\/wp\/v2\/categories?post=486796"},{"taxonomy":"post_tag","embeddable":true,"href":"https:\/\/www.europesays.com\/fr\/wp-json\/wp\/v2\/tags?post=486796"}],"curies":[{"name":"wp","href":"https:\/\/api.w.org\/{rel}","templated":true}]}}