{"id":486797,"date":"2025-10-24T12:59:12","date_gmt":"2025-10-24T12:59:12","guid":{"rendered":"https:\/\/www.europesays.com\/fr\/486797\/"},"modified":"2025-10-24T12:59:12","modified_gmt":"2025-10-24T12:59:12","slug":"des-coups-de-feu-echanges-dans-la-zone-commerciale-de-comboire","status":"publish","type":"post","link":"https:\/\/www.europesays.com\/fr\/486797\/","title":{"rendered":"des coups de feu \u00e9chang\u00e9s dans la zone commerciale de Comboire"},"content":{"rendered":"<p>Des d\u00e9tonations ont \u00e9clat\u00e9, vers 13 heures ce vendredi 24 octobre, sur le parking de l&rsquo;hypermarch\u00e9 Leclerc situ\u00e9 dans la zone commerciale de Comboire \u00e0 \u00c9chirolles, tr\u00e8s fr\u00e9quent\u00e9e \u00e0 cette heure-ci.<\/p>\n<p>Selon nos informations, des coups de feu auraient en effet \u00e9t\u00e9 \u00e9chang\u00e9s entre deux voitures au moment o\u00f9 elles se sont crois\u00e9es. On ignore combien d&rsquo;occupants se trouvaient \u00e0 bord mais l&rsquo;un des v\u00e9hicules a \u00e9t\u00e9 abandonn\u00e9 sur place tandis que l&rsquo;autre prenait la fuite.<\/p>\n<p>Ce contenu est bloqu\u00e9 car vous n&rsquo;avez pas accept\u00e9 les cookies et autres traceurs.<\/p>\n<p>En cliquant sur \u00ab J\u2019accepte \u00bb, les cookies et autres traceurs seront d\u00e9pos\u00e9s et vous pourrez visualiser les contenus  (<a href=\"\" class=\"consentModule_policy\" target=\"_blank\" title=\"Consulter la politique de protection des donn\u00e9es du fournisseur\">plus d&rsquo;informations<\/a>).<\/p>\n<p>En cliquant sur \u00ab J\u2019accepte tous les cookies \u00bb, vous autorisez des d\u00e9p\u00f4ts de cookies et autres traceurs pour le stockage de vos donn\u00e9es sur nos sites et applications \u00e0 des fins de personnalisation et de ciblage publicitaire.<\/p>\n<p class=\"consentModule_secondaryText\">Vous gardez la possibilit\u00e9 de retirer votre consentement \u00e0 tout moment en consultant notre <a href=\"https:\/\/www.ledauphine.com\/protection-des-donnees\" target=\"_blank\" title=\"Consulter notre politique de protection des donn\u00e9es\" rel=\"noopener\">politique de protection des donn\u00e9es<\/a>. <br \/>&#13;<br \/>\n            <a href=\"https:\/\/www.ledauphine.com\/faits-divers-justice\/2025\/10\/24\/javascript:Didomi.notice.show()\" class=\"consentModule_cmp\" target=\"_blank\" rel=\"noopener\">G\u00e9rer mes choix<\/a>&#13;\n        <\/p>\n<p>&#13;<br \/>\n                        J&rsquo;accepte&#13;<br \/>\n            J&rsquo;accepte tous les cookies&#13;\n        <\/p>\n<p>Aucun bless\u00e9 ne semble heureusement \u00e0 d\u00e9plorer et les policiers grenoblois ont ouvert une enqu\u00eate pour tenter d&rsquo;\u00e9tablir pr\u00e9cis\u00e9ment le d\u00e9roulement des faits et d&rsquo;en identifier les auteurs.<\/p>\n<p>Les images des cam\u00e9ras de surveillance, install\u00e9e en nombre sur la zone commerciale, pourraient les y aider.<\/p>\n<p>\u00c0 ce stade, l&rsquo;hypoth\u00e8se d&rsquo;une fusillade sur fond de trafic de stup\u00e9fiants n&rsquo;est pas privil\u00e9gi\u00e9e, selon une source fiable.<\/p>\n","protected":false},"excerpt":{"rendered":"Des d\u00e9tonations ont \u00e9clat\u00e9, vers 13 heures ce vendredi 24 octobre, sur le parking de l&rsquo;hypermarch\u00e9 Leclerc situ\u00e9&hellip;\n","protected":false},"author":2,"featured_media":486798,"comment_status":"","ping_status":"","sticky":false,"template":"","format":"standard","meta":{"footnotes":""},"categories":[9566],"tags":[1111,11,2430,271,272,9852,9853,112,1777,674,274,107,1011,27,2731,2732,108,12,25],"class_list":{"0":"post-486797","1":"post","2":"type-post","3":"status-publish","4":"format-standard","5":"has-post-thumbnail","7":"category-grenoble","8":"tag-actu","9":"tag-actualites","10":"tag-auvergne-rhone-alpes","11":"tag-crime","12":"tag-delit-et-contravention","13":"tag-echirolles","14":"tag-echirolles-bassin","15":"tag-edition-grenoble-agglomeration","16":"tag-eu","17":"tag-europe","18":"tag-faits-divers-justice","19":"tag-fil-info","20":"tag-fr","21":"tag-france","22":"tag-grenoble","23":"tag-grenoble-bassin","24":"tag-isere","25":"tag-news","26":"tag-republique-francaise"},"share_on_mastodon":{"url":"https:\/\/pubeurope.com\/@fr\/115429269134909915","error":""},"_links":{"self":[{"href":"https:\/\/www.europesays.com\/fr\/wp-json\/wp\/v2\/posts\/486797","targetHints":{"allow":["GET"]}}],"collection":[{"href":"https:\/\/www.europesays.com\/fr\/wp-json\/wp\/v2\/posts"}],"about":[{"href":"https:\/\/www.europesays.com\/fr\/wp-json\/wp\/v2\/types\/post"}],"author":[{"embeddable":true,"href":"https:\/\/www.europesays.com\/fr\/wp-json\/wp\/v2\/users\/2"}],"replies":[{"embeddable":true,"href":"https:\/\/www.europesays.com\/fr\/wp-json\/wp\/v2\/comments?post=486797"}],"version-history":[{"count":0,"href":"https:\/\/www.europesays.com\/fr\/wp-json\/wp\/v2\/posts\/486797\/revisions"}],"wp:featuredmedia":[{"embeddable":true,"href":"https:\/\/www.europesays.com\/fr\/wp-json\/wp\/v2\/media\/486798"}],"wp:attachment":[{"href":"https:\/\/www.europesays.com\/fr\/wp-json\/wp\/v2\/media?parent=486797"}],"wp:term":[{"taxonomy":"category","embeddable":true,"href":"https:\/\/www.europesays.com\/fr\/wp-json\/wp\/v2\/categories?post=486797"},{"taxonomy":"post_tag","embeddable":true,"href":"https:\/\/www.europesays.com\/fr\/wp-json\/wp\/v2\/tags?post=486797"}],"curies":[{"name":"wp","href":"https:\/\/api.w.org\/{rel}","templated":true}]}}