{"id":486801,"date":"2025-10-24T13:01:28","date_gmt":"2025-10-24T13:01:28","guid":{"rendered":"https:\/\/www.europesays.com\/fr\/486801\/"},"modified":"2025-10-24T13:01:28","modified_gmt":"2025-10-24T13:01:28","slug":"beneficiaires-du-secours-catholique-ils-et-elles-photographient-leur-quotidien","status":"publish","type":"post","link":"https:\/\/www.europesays.com\/fr\/486801\/","title":{"rendered":"B\u00e9n\u00e9ficiaires du Secours catholique, ils et elles photographient leur quotidien"},"content":{"rendered":"<p>Quand Romane, stagiaire au Secours catholique, propose \u00e0 Wilfried Chokogwe, 38\u00a0ans, de rejoindre un groupe d\u2019amateurs pour prendre des photos avec un appareil jetable, il s\u2019implique dans le projet avec enthousiasme. \u00a0\u00c7a m\u2019a plu directement, c\u2019est comme si l\u2019appareil m\u2019attendait.\u00a0 Sans consignes particuli\u00e8res de la part de Romane, Wilfried saisit des paysages, au d\u00e9tour de balades dans la ville.<\/p>\n<p>Wilfried, originaire du Cameroun, a photographi\u00e9 le soleil qui se couche sur la ville de Rennes. Pour lui, \u00a0c\u2019est un ph\u00e9nom\u00e8ne \u00e9trange, il fait encore jour tard. Chez moi, la nuit appara\u00eet \u00e0 19\u00a0h\u00a0. Il a \u00e9galement photographi\u00e9 des moyens de transport comme un avion abandonn\u00e9 ou le reflet d\u2019une main dans un train.<\/p>\n<p>D\u2019abord b\u00e9n\u00e9ficiaire, puis b\u00e9n\u00e9vole<\/p>\n<p>Arriv\u00e9 en France en 2023, Wilfried fr\u00e9quente d\u2019abord le Secours catholique pour \u00a0se servir de quoi manger\u00a0. Se d\u00e9crivant comme \u00a0une personne tr\u00e8s active\u00a0, tr\u00e8s vite, il souhaite rejoindre l\u2019\u00e9quipe de b\u00e9n\u00e9voles. Il est aujourd\u2019hui co-responsable du Secours catholique et s\u2019occupe d\u2019ouvrir les locaux, le matin. \u00a0Il faut \u00eatre huit personnes pour pouvoir ouvrir l\u2019accueil.\u00a0 Le matin, \u00a0j\u2019arrive \u00e0 7\u00a0h, l\u2019ouverture est \u00e0 8\u00a0h\u00a030 pour le petit-d\u00e9jeuner\u00a0. Il existe \u00e9galement une bagagerie, \u00a0pour les personnes qui veulent d\u00e9poser leurs affaires\u00a0.<\/p>\n<p>Pour les photos expos\u00e9es \u00e0 la maison de quartier de Villejean, les participants ont eu entre \u00a0deux\u00a0semaines \u00e0 un\u00a0mois\u00a0 pour r\u00e9aliser leurs clich\u00e9s. Wilfried retient les moments de prises de vues, mais \u00e9galement les appr\u00e9ciations de certaines personnes qui ont engag\u00e9 un \u00e9change avec lui, lors du vernissage, samedi 18\u00a0octobre. <strong>\u00ab\u00a0Pourquoi pas me former plus \u00e0 la photographie\u00a0?\u00a0\u00bb, <\/strong>s\u2019interroge-t-il. Son premier clic est peut-\u00eatre le d\u00e9but d\u2019une passion.<\/p>\n<p><strong>Jusqu\u2019au 31\u00a0octobre<\/strong> \u00e0 la maison de quartier de Villejean, 12, rue de Bourgogne, du lundi au samedi, de 10\u00a0h \u00e0 18\u00a0h. Entr\u00e9e libre et gratuite.<\/p>\n<p>\u00a0<\/p>\n","protected":false},"excerpt":{"rendered":"Quand Romane, stagiaire au Secours catholique, propose \u00e0 Wilfried Chokogwe, 38\u00a0ans, de rejoindre un groupe d\u2019amateurs pour prendre&hellip;\n","protected":false},"author":2,"featured_media":486802,"comment_status":"","ping_status":"","sticky":false,"template":"","format":"standard","meta":{"footnotes":""},"categories":[2821],"tags":[1111,11,19257,829,48604,1777,674,1011,27,12,61004,1404,584,25,7342],"class_list":{"0":"post-486801","1":"post","2":"type-post","3":"status-publish","4":"format-standard","5":"has-post-thumbnail","7":"category-rennes","8":"tag-actu","9":"tag-actualites","10":"tag-beneficiaires","11":"tag-bretagne","12":"tag-catholique","13":"tag-eu","14":"tag-europe","15":"tag-fr","16":"tag-france","17":"tag-news","18":"tag-photographient","19":"tag-quotidien","20":"tag-rennes","21":"tag-republique-francaise","22":"tag-secours"},"share_on_mastodon":{"url":"https:\/\/pubeurope.com\/@fr\/115429276708747838","error":""},"_links":{"self":[{"href":"https:\/\/www.europesays.com\/fr\/wp-json\/wp\/v2\/posts\/486801","targetHints":{"allow":["GET"]}}],"collection":[{"href":"https:\/\/www.europesays.com\/fr\/wp-json\/wp\/v2\/posts"}],"about":[{"href":"https:\/\/www.europesays.com\/fr\/wp-json\/wp\/v2\/types\/post"}],"author":[{"embeddable":true,"href":"https:\/\/www.europesays.com\/fr\/wp-json\/wp\/v2\/users\/2"}],"replies":[{"embeddable":true,"href":"https:\/\/www.europesays.com\/fr\/wp-json\/wp\/v2\/comments?post=486801"}],"version-history":[{"count":0,"href":"https:\/\/www.europesays.com\/fr\/wp-json\/wp\/v2\/posts\/486801\/revisions"}],"wp:featuredmedia":[{"embeddable":true,"href":"https:\/\/www.europesays.com\/fr\/wp-json\/wp\/v2\/media\/486802"}],"wp:attachment":[{"href":"https:\/\/www.europesays.com\/fr\/wp-json\/wp\/v2\/media?parent=486801"}],"wp:term":[{"taxonomy":"category","embeddable":true,"href":"https:\/\/www.europesays.com\/fr\/wp-json\/wp\/v2\/categories?post=486801"},{"taxonomy":"post_tag","embeddable":true,"href":"https:\/\/www.europesays.com\/fr\/wp-json\/wp\/v2\/tags?post=486801"}],"curies":[{"name":"wp","href":"https:\/\/api.w.org\/{rel}","templated":true}]}}