{"id":486806,"date":"2025-10-24T13:04:13","date_gmt":"2025-10-24T13:04:13","guid":{"rendered":"https:\/\/www.europesays.com\/fr\/486806\/"},"modified":"2025-10-24T13:04:13","modified_gmt":"2025-10-24T13:04:13","slug":"strasbourg-fait-partie-des-meilleurs-equipes-du-championnat-estime-fonseca-avant-de-recevoir-les-alsaciens","status":"publish","type":"post","link":"https:\/\/www.europesays.com\/fr\/486806\/","title":{"rendered":"\u00abStrasbourg fait partie des meilleurs \u00e9quipes du championnat\u00bb, estime Fonseca avant de recevoir les Alsaciens"},"content":{"rendered":"<p>\n    Avant la r\u00e9ception de Strasbourg dimanche soir en cl\u00f4ture de la 9e journ\u00e9e de Ligue 1, l\u2019entra\u00eeneur de l\u2019Olympique Lyonnais, Paulo Fonseca s\u2019attend \u00e0 un match relev\u00e9 face \u00e0 une \u00e9quipe qui \u00abfait partie des meilleures du championnat\u00bb.<\/p>\n<p class=\"fig-paragraph\">\u00abNous allons affronter une grande \u00e9quipe, probablement l&rsquo;adversaire le plus difficile que nous ayons eu \u00e0 affronter jusqu&rsquo;\u00e0 pr\u00e9sent\u00bb, a d\u00e9clar\u00e9 vendredi l&rsquo;entra\u00eeneur de Lyon, Paulo Fonseca dont l&rsquo;\u00e9quipe re\u00e7oit Strasbourg, dimanche en match de cl\u00f4ture de la<a href=\"https:\/\/www.lefigaro.fr\/sports\/football\/ligue-1\/calendrier-resultats\" target=\"_blank\" rel=\"sponsored noopener\" data-gtm-custom-categorie=\"navigation\" data-gtm-custom-action=\"crossclick\" data-gtm-custom-label=\"Contextuel\" data-gtm-event=\"customEventSPE\">\u00a09e journ\u00e9e de Ligue 1.<\/a><\/p>\n<p class=\"fig-paragraph\">\u00abStrasbourg est l&rsquo;une des meilleures \u00e9quipes du championnat apr\u00e8s avoir op\u00e9r\u00e9 un investissement important, plus que Paris Saint-Germain ou Marseille cet \u00e9t\u00e9\u00bb, a estim\u00e9 le technicien en conf\u00e9rence de presse.<\/p>\n<p>                                    <a class=\"fig-a11y-skip a11y-hidden\" href=\"#fig-a11y-skip-main-inarticle\"><br \/>\n        Passer la publicit\u00e9<br \/>\n    <\/a><\/p>\n<p class=\"fig-paragraph\">\u00abElle vient de livrer un grand match contre Paris Saint-Germain mais pas seulement\u00bb, a pr\u00e9venu Fonseca dont la formation reste sur deux d\u00e9faites contre Toulouse \u00e0 domicile (2-1) et \u00e0 Nice (3-2).<\/p>\n<p class=\"fig-paragraph\">\u00abJe m&rsquo;attends \u00e0 un match tr\u00e8s difficile. Les Strasbourgeois ont beaucoup de qualit\u00e9s mais aussi des particularit\u00e9s difficiles \u00e0 contrarier avec notamment une d\u00e9fense individuelle, ce qui sera tr\u00e8s diff\u00e9rent du match de Ligue Europa face \u00e0 B\u00e2le qui op\u00e8re en d\u00e9fense de zone\u00bb, a d\u00e9taill\u00e9 Fonseca.<\/p>\n<p class=\"fig-paragraph\">\u00abTout le monde est bien conscient de la difficult\u00e9 de la t\u00e2che qui nous attend. Strasbourg poss\u00e8de beaucoup de qualit\u00e9s individuelles \u00e9galement et il est clair que c&rsquo;est un adversaire plus fort que B\u00e2le\u00bb, a encore estim\u00e9 l&rsquo;entra\u00eeneur de l&rsquo;OL.<\/p>\n<p class=\"fig-paragraph\">Jeudi,<a href=\"http:\/\/www.lefigaro.fr\/sports\/football\/ligue-europa\/l-olympique-lyonnais-confirme-en-ligue-europa-strasbourg-frustre-en-conference-20251023\" data-fig-type=\"NewsFlash\" data-gtm-custom-categorie=\"navigation\" data-gtm-custom-action=\"crossclick\" data-gtm-custom-label=\"Contextuel\" data-gtm-event=\"customEventSPE\" data-fig-domain=\"LEFIGARO\" target=\"_blank\" rel=\"noopener\">\u00a0Lyon a battu B\u00e2le (2-0) en match de la 3e journ\u00e9e de Ligue Europa<\/a>\u00a0dont l&rsquo;OL occupe la t\u00eate de la phase de ligue \u00e0 \u00e9galit\u00e9 de points avec les Portugais de Braga et les Danois de Midtjylland.<\/p>\n","protected":false},"excerpt":{"rendered":"Avant la r\u00e9ception de Strasbourg dimanche soir en cl\u00f4ture de la 9e journ\u00e9e de Ligue 1, l\u2019entra\u00eeneur de&hellip;\n","protected":false},"author":2,"featured_media":486807,"comment_status":"","ping_status":"","sticky":false,"template":"","format":"standard","meta":{"footnotes":""},"categories":[2820],"tags":[1111,11,1777,674,1011,27,775,12,978,3278,4448,25,640],"class_list":{"0":"post-486806","1":"post","2":"type-post","3":"status-publish","4":"format-standard","5":"has-post-thumbnail","7":"category-strasbourg","8":"tag-actu","9":"tag-actualites","10":"tag-eu","11":"tag-europe","12":"tag-fr","13":"tag-france","14":"tag-grand-est","15":"tag-news","16":"tag-olympique-lyonnais","17":"tag-paulo-fonseca","18":"tag-rc-strasbourg","19":"tag-republique-francaise","20":"tag-strasbourg"},"share_on_mastodon":{"url":"https:\/\/pubeurope.com\/@fr\/115429288419290541","error":""},"_links":{"self":[{"href":"https:\/\/www.europesays.com\/fr\/wp-json\/wp\/v2\/posts\/486806","targetHints":{"allow":["GET"]}}],"collection":[{"href":"https:\/\/www.europesays.com\/fr\/wp-json\/wp\/v2\/posts"}],"about":[{"href":"https:\/\/www.europesays.com\/fr\/wp-json\/wp\/v2\/types\/post"}],"author":[{"embeddable":true,"href":"https:\/\/www.europesays.com\/fr\/wp-json\/wp\/v2\/users\/2"}],"replies":[{"embeddable":true,"href":"https:\/\/www.europesays.com\/fr\/wp-json\/wp\/v2\/comments?post=486806"}],"version-history":[{"count":0,"href":"https:\/\/www.europesays.com\/fr\/wp-json\/wp\/v2\/posts\/486806\/revisions"}],"wp:featuredmedia":[{"embeddable":true,"href":"https:\/\/www.europesays.com\/fr\/wp-json\/wp\/v2\/media\/486807"}],"wp:attachment":[{"href":"https:\/\/www.europesays.com\/fr\/wp-json\/wp\/v2\/media?parent=486806"}],"wp:term":[{"taxonomy":"category","embeddable":true,"href":"https:\/\/www.europesays.com\/fr\/wp-json\/wp\/v2\/categories?post=486806"},{"taxonomy":"post_tag","embeddable":true,"href":"https:\/\/www.europesays.com\/fr\/wp-json\/wp\/v2\/tags?post=486806"}],"curies":[{"name":"wp","href":"https:\/\/api.w.org\/{rel}","templated":true}]}}