{"id":486812,"date":"2025-10-24T13:07:13","date_gmt":"2025-10-24T13:07:13","guid":{"rendered":"https:\/\/www.europesays.com\/fr\/486812\/"},"modified":"2025-10-24T13:07:13","modified_gmt":"2025-10-24T13:07:13","slug":"pourquoi-il-y-a-des-peintures-sur-ces-commerces-vides-a-nantes","status":"publish","type":"post","link":"https:\/\/www.europesays.com\/fr\/486812\/","title":{"rendered":"pourquoi il y a des peintures sur ces commerces vides \u00e0 Nantes"},"content":{"rendered":"<p>            Par<br \/>\n        <strong><br \/>\n            <a href=\"https:\/\/actu.fr\/auteur\/laure-gentil\" title=\"Consulter tous les articles de Laure Gentil\" target=\"_blank\" rel=\"noopener\">Laure Gentil<\/a><br \/>\n        <\/strong><\/p>\n<p>        Publi\u00e9 le<\/p>\n<p>            24 oct. 2025 \u00e0 14h37        <\/p>\n<p>\u00ab\u2009Dans un contexte national compliqu\u00e9 pour le commerce\u2009\u00bb, la<strong> Ville de Nantes<\/strong> a d\u00e9cid\u00e9 de donner un coup de pouce au centre-ville nantais en d\u00e9corant les vitrines de locaux vacants, en attendant \u00ab\u2009leur recommercialisation\u2009\u00bb. Le<strong> collectif d\u2019artistes<\/strong> \u00ab\u2009Arty Show\u2009\u00bb a \u00e9t\u00e9 retenu pour le projet, intitul\u00e9 \u00ab\u2009Marchands de couleurs\u2009\u00bb.<\/p>\n<p class=\" wall-content\">Une initiative salu\u00e9e par <strong>Gildas Sala\u00fcn<\/strong>, adjoint \u00e0 la mairie de Nantes et d\u00e9l\u00e9gu\u00e9 aux commerces. \u00ab\u2009\u00c7a lie l\u2019utile \u00e0 l\u2019agr\u00e9able, \u00e7a vient mettre de la couleur dans Nantes, \u00e7a vient \u00e9gayer le centre-ville au-del\u00e0 des seules questions commerciales. <strong>Je crois \u00e0 l\u2019art dans l\u2019espace public\u2009\u00bb<\/strong>, a-t-il d\u00e9clar\u00e9 aupr\u00e8s d\u2019actu Nantes.<\/p>\n<p>Valoriser les rues commer\u00e7antes<\/p>\n<p class=\" wall-content\">Selon l\u2019\u00e9lu, le projet est n\u00e9 \u00ab\u2009d\u2019une transposition de deux initiatives qui ont \u00e9t\u00e9 prises ces derni\u00e8res ann\u00e9es, \u00e0 savoir les OFF du VAN (Voyage \u00e0 Nantes, N.D.L.R), organis\u00e9es notamment par Plein Centre (association de commer\u00e7ants du centre-ville de Nantes, N.D.L.R.), et puis de l\u2019autre c\u00f4t\u00e9, notre initiative autour des <a href=\"https:\/\/actu.fr\/pays-de-la-loire\/nantes_44109\/a-nantes-on-fete-noel-en-grand-a-quoi-vont-ressembler-les-decorations-cette-annee_61831084.html\" target=\"_blank\" rel=\"noopener\">d\u00e9corations des vitrines \u00e0 l\u2019occasion des f\u00eates de fin d\u2019ann\u00e9e, \u00e0 No\u00ebl\u2009\u00bb.<\/a><\/p>\n<p class=\" wall-content\">La \u00ab\u2009Ville de Nantes, Nantes M\u00e9tropole et leurs partenaires \u00e9conomiques\u2009\u00bb ont donc lanc\u00e9 en mai dernier un appel aux artistes pour habiller, le temps de leur \u00ab\u2009recommercialisation\u2009\u00bb, les vitrines de locaux vacants \u00ab\u2009identifi\u00e9s dans certaines rues strat\u00e9giques du centre-ville\u2009\u00bb.<\/p>\n<blockquote class=\"ac-article-quote wall-content\">\n<p>On ne voulait pas avoir des vitrines qui soient d\u00e9cor\u00e9es pour mettre des stickers publicitaires ou des trucs comme \u00e7a, mais que \u00e7a puisse aussi servir aux artistes, pour avoir \u00e0 la fois des lieux d&rsquo;expression, mais aussi des lieux tout simplement de visibilit\u00e9.<\/p>\n<p>    <strong>Gildas Sala\u00fcn<\/strong><br \/>\n         Adjoint \u00e0 la mairie de Nantes et d\u00e9l\u00e9gu\u00e9 aux commerces    <\/p><\/blockquote>\n<p class=\" wall-content\">Ce projet de la mairie n\u2019existe qu\u2019\u00e0 Nantes. \u00ab\u2009C\u2019est compliqu\u00e9 parce qu\u2019en fait, il nous faut travailler au cas par cas et avoir l\u2019accord de chacun des propri\u00e9taires et ou des anciens ou des futurs exploitants\u2009\u00bb, explique Gildas Sala\u00fcn qui pr\u00e9cise que le travail a \u00e9t\u00e9 facilit\u00e9 par \u00ab\u2009les bonnes relations\u2009\u00bb entre la Ville et les partenaires.<\/p>\n<p>Votre r\u00e9gion, votre actu !<\/p>\n<p>Recevez chaque jour les infos qui comptent pour vous.<\/p>\n<p>\t<a href=\"https:\/\/actu.fr\/newsletter\" class=\"ac-btn ac-btn--corner ac-btn--medium ac-btn--blue800\" target=\"_blank\" rel=\"noopener\">S&rsquo;incrire<\/a><br \/>\nQuel est le taux de vacance commerciale\u2009?<\/p>\n<p class=\" wall-content\">Selon les derniers chiffres de la Chambre de commerce et d\u2019industrie (CCI), le <strong>taux de vacance commerciale dans le centre-ville<\/strong> de Nantes, qui est calcul\u00e9 tous les trimestres, <strong>s\u2019\u00e9l\u00e8ve \u00e0 6,3\u2009% au mois d\u2019octobre\u00a02025.<\/strong> Il n\u2019y a donc pas de changement depuis le mois de juin.<\/p>\n<p class=\" wall-content\">\u00ab\u2009On reste sur un niveau de stabilit\u00e9, ce qui signifie que certes, il y a eu des fermetures, mais qui sont compens\u00e9es par des ouvertures\u2009\u00bb, commente sereinement Gildas Sala\u00fcn.<\/p>\n<p>Une premi\u00e8re \u0153uvre d\u00e9j\u00e0 en place<\/p>\n<p class=\" wall-content\">La <strong>premi\u00e8re \u0153uvre<\/strong> a \u00e9t\u00e9 r\u00e9alis\u00e9e par l\u2019artiste Codel depuis le <strong>lundi 20\u00a0octobre<\/strong> dans le quartier Bouffay <strong>au 14 rue de la Barillerie<\/strong>. Mardi\u00a028 et mercredi 29\u00a0octobre, Virgile Gudin et S\u00e9bastien Bouchard habilleront la vitrine situ\u00e9e 1, rue du Moulin avec une \u00ab\u2009\u0153uvre r\u00e9alis\u00e9e en vitrophanie\u2009\u00bb. Des cartels affich\u00e9s sur les vitrines pr\u00e9senteront l\u2019\u0153uvre et le projet.<\/p>\n<p class=\" wall-content\">\u00ab\u2009Les artistes ne sont pas venus avec des id\u00e9es pr\u00e9con\u00e7ues et des \u0153uvres qui auraient \u00e9t\u00e9 faites pour n\u2019importe o\u00f9\u2009\u00bb, a assur\u00e9 l\u2019adjoint au commerce. \u00ab\u2009Ils les ont con\u00e7ues en fonction de chacune des vitrines. Du coup, il y a une belle harmonie\u2009\u00bb.<\/p>\n<p class=\" wall-content\">Personnalisez votre actualit\u00e9 en ajoutant vos villes et m\u00e9dias en favori avec <a href=\"https:\/\/moncompte.actu.fr\" title=\"D\u00e9couvez Mon Actu\" rel=\"nofollow noopener\" data-trk=\"{&quot;cta&quot;:{&quot;action&quot;:&quot;https:\\\/\\\/moncompte.actu.fr&quot;,&quot;category&quot;:&quot;mon compte&quot;,&quot;from&quot;:&quot;article footer&quot;,&quot;name&quot;:&quot;Mon actu&quot;,&quot;type&quot;:&quot;cta&quot;}}\" target=\"_blank\">Mon Actu<\/a>.<\/p>\n","protected":false},"excerpt":{"rendered":"Par Laure Gentil Publi\u00e9 le 24 oct. 2025 \u00e0 14h37 \u00ab\u2009Dans un contexte national compliqu\u00e9 pour le commerce\u2009\u00bb,&hellip;\n","protected":false},"author":2,"featured_media":486813,"comment_status":"","ping_status":"","sticky":false,"template":"","format":"standard","meta":{"footnotes":""},"categories":[2818],"tags":[1111,11,215,33,1777,674,1011,27,766,12,2636,25],"class_list":{"0":"post-486812","1":"post","2":"type-post","3":"status-publish","4":"format-standard","5":"has-post-thumbnail","7":"category-nantes","8":"tag-actu","9":"tag-actualites","10":"tag-commerce","11":"tag-economie","12":"tag-eu","13":"tag-europe","14":"tag-fr","15":"tag-france","16":"tag-nantes","17":"tag-news","18":"tag-pays-de-la-loire","19":"tag-republique-francaise"},"share_on_mastodon":{"url":"https:\/\/pubeurope.com\/@fr\/115429300280709516","error":""},"_links":{"self":[{"href":"https:\/\/www.europesays.com\/fr\/wp-json\/wp\/v2\/posts\/486812","targetHints":{"allow":["GET"]}}],"collection":[{"href":"https:\/\/www.europesays.com\/fr\/wp-json\/wp\/v2\/posts"}],"about":[{"href":"https:\/\/www.europesays.com\/fr\/wp-json\/wp\/v2\/types\/post"}],"author":[{"embeddable":true,"href":"https:\/\/www.europesays.com\/fr\/wp-json\/wp\/v2\/users\/2"}],"replies":[{"embeddable":true,"href":"https:\/\/www.europesays.com\/fr\/wp-json\/wp\/v2\/comments?post=486812"}],"version-history":[{"count":0,"href":"https:\/\/www.europesays.com\/fr\/wp-json\/wp\/v2\/posts\/486812\/revisions"}],"wp:featuredmedia":[{"embeddable":true,"href":"https:\/\/www.europesays.com\/fr\/wp-json\/wp\/v2\/media\/486813"}],"wp:attachment":[{"href":"https:\/\/www.europesays.com\/fr\/wp-json\/wp\/v2\/media?parent=486812"}],"wp:term":[{"taxonomy":"category","embeddable":true,"href":"https:\/\/www.europesays.com\/fr\/wp-json\/wp\/v2\/categories?post=486812"},{"taxonomy":"post_tag","embeddable":true,"href":"https:\/\/www.europesays.com\/fr\/wp-json\/wp\/v2\/tags?post=486812"}],"curies":[{"name":"wp","href":"https:\/\/api.w.org\/{rel}","templated":true}]}}