{"id":486814,"date":"2025-10-24T13:08:20","date_gmt":"2025-10-24T13:08:20","guid":{"rendered":"https:\/\/www.europesays.com\/fr\/486814\/"},"modified":"2025-10-24T13:08:20","modified_gmt":"2025-10-24T13:08:20","slug":"nantes-annonce-la-fin-de-sa-collaboration-avec-rene-martin","status":"publish","type":"post","link":"https:\/\/www.europesays.com\/fr\/486814\/","title":{"rendered":"Nantes annonce la fin de sa collaboration avec Ren\u00e9 Martin"},"content":{"rendered":"<p><img decoding=\"async\" class=\"\" style=\"width:100%\" src=\"https:\/\/www.europesays.com\/fr\/wp-content\/uploads\/2025\/10\/Cite_Nantes_exterieur_20221761308287791.jpg\" alt=\"Cit\u00e9 des Congr\u00e8s de Nantes\"\/><\/p>\n<p>Cit\u00e9 des Congr\u00e8s de Nantes<\/p>\n<p>Cr\u00e9dit : Dolor\u00e8s Charles<\/p>\n<p>\u00ab\u00a0Les conclusions de l\u2019audit mandat\u00e9 par l\u2019association CREA (Centre de r\u00e9alisations et d\u2019\u00e9tudes artistiques) d\u00e9montrent clairement que les principes d\u2019exemplarit\u00e9, de respect des droits des salari\u00e9s et de lutte contre les violences sexistes et sexuelles, ont \u00e9t\u00e9 bafou\u00e9s\u00a0\u00bb, rapporte ce midi la ville de Nantes. Aussi, la collectivit\u00e9 a d\u00e9cid\u00e9 de cesser imm\u00e9diatement toute collaboration avec Ren\u00e9 Martin et en a inform\u00e9 le Pr\u00e9sident du CREA. \u00ab\u00a0Il appartient d\u00e9sormais au conseil d\u2019administration du CREA d\u2019en tirer les cons\u00e9quences et de prendre les d\u00e9cisions qui s\u2019imposent vis-\u00e0-vis de son directeur\u00a0\u00bb.<\/p>\n<p><strong>La Ville de Nantes a par ailleurs adress\u00e9 les conclusions de l\u2019audit au Procureur de la R\u00e9publique sur la base de l\u2019article 40 du code de proc\u00e9dure p\u00e9nale.<\/strong><\/p>\n<p>\u00a0<\/p>\n<blockquote><p>\nToute collaboration avec Ren\u00e9 Martin est termin\u00e9e\n<\/p><\/blockquote>\n<p>Pour Johanna Rolland, maire de Nantes, <strong>\u00ab\u00a0<\/strong><strong>la synth\u00e8se de l\u2019audit d\u00e9montre que les principes d\u2019exemplarit\u00e9, de respect des droits des salari\u00e9s et de lutte contre <a href=\"https:\/\/hitwest.ouest-france.fr\/rene-martin-un-comportement-douteux-et-de-la-pornographie-au-travail\" rel=\"noopener\" target=\"_blank\">les violences sexistes et sexuelles,<\/a> sont bafou\u00e9s en mati\u00e8re manag\u00e9riale, de gestion de l\u2019association et compte tenu de l\u2019exposition des salari\u00e9s \u00e0 des contenus \u00e0 caract\u00e8re pornographique<\/strong>. La Ville de Nantes ne transige et ne transigera jamais sur ces principes. En cons\u00e9quence, la collectivit\u00e9 a d\u00e9cid\u00e9 de cesser imm\u00e9diatement toute collaboration avec Ren\u00e9 Martin. J\u2019assure les victimes, les salari\u00e9s, de mon plein soutien dans ce moment difficile et douloureux. <\/p>\n<p>C\u2019est d\u00e9sormais au CREA de tirer toutes les cons\u00e9quences des conclusions de cet audit et de prendre les d\u00e9cisions qui s\u2019imposent. <strong>La Ville de Nantes se tient aux c\u00f4t\u00e9s de l\u2019ensemble des \u00e9quipes du CREA, et les assure de son attachement \u00e0 la Folle Journ\u00e9e de Nantes. <\/strong>Elles savent ma reconnaissance pour la r\u00e9ussite de cet \u00e9v\u00e9nement exceptionnel, si pr\u00e9cieux pour la communaut\u00e9 artistique comme pour les publics tr\u00e8s nombreux.\u00a0\u00bb<\/p>\n<p>Dans un courrier du 22 septembre dernier adress\u00e9 au Pr\u00e9sident du CREA et rendu public, Aymeric Seassau, adjoint \u00e0 la Culture, avait demand\u00e9 \u00e0 recevoir les r\u00e9sultats de l\u2019audit mandat\u00e9 par le bureau de l\u2019association. Au vu des conclusions de cet audit, Aymeric Seassau a adress\u00e9 un nouveau courrier ce 22 octobre au Pr\u00e9sident de l\u2019association CREA pour l\u2019informer qu\u2019en cons\u00e9quence \u00ab\u00a0la collaboration de la collectivit\u00e9 avec Ren\u00e9 Martin s\u2019arr\u00eate d\u00e8s aujourd\u2019hui.\u00a0\u00bb<\/p>\n<p>Le CREA pr\u00e9cise qu\u2019il prendra sa d\u00e9cision lundi prochain, en conseil d\u2019administration.<\/p>\n<blockquote><p>\nQuid de La Folle Journ\u00e9e ?\n<\/p><\/blockquote>\n<p>\u00a0<\/p>\n<p>Apr\u00e8s la r\u00e9ussite de la 30\u00e8me \u00e9dition qui avait r\u00e9uni 1 500 artistes, 140 000 spectateurs lors de 270 concerts, la collectivit\u00e9 est par ailleurs mobilis\u00e9e aux c\u00f4t\u00e9s de l\u2019\u00e9quipe du CREA pour r\u00e9ussir l\u2019\u00e9dition 2026 et poursuivre l\u2019aventure de la Folle Journ\u00e9e de Nantes.<\/p>\n","protected":false},"excerpt":{"rendered":"Cit\u00e9 des Congr\u00e8s de Nantes Cr\u00e9dit : Dolor\u00e8s Charles \u00ab\u00a0Les conclusions de l\u2019audit mandat\u00e9 par l\u2019association CREA (Centre&hellip;\n","protected":false},"author":2,"featured_media":486815,"comment_status":"","ping_status":"","sticky":false,"template":"","format":"standard","meta":{"footnotes":""},"categories":[2818],"tags":[1111,11,1777,674,53104,1011,27,766,12,2636,53108,25,15436,2949],"class_list":{"0":"post-486814","1":"post","2":"type-post","3":"status-publish","4":"format-standard","5":"has-post-thumbnail","7":"category-nantes","8":"tag-actu","9":"tag-actualites","10":"tag-eu","11":"tag-europe","12":"tag-folle-journee","13":"tag-fr","14":"tag-france","15":"tag-nantes","16":"tag-news","17":"tag-pays-de-la-loire","18":"tag-rene-martin","19":"tag-republique-francaise","20":"tag-sexe","21":"tag-violences"},"share_on_mastodon":{"url":"https:\/\/pubeurope.com\/@fr\/115429305386076033","error":""},"_links":{"self":[{"href":"https:\/\/www.europesays.com\/fr\/wp-json\/wp\/v2\/posts\/486814","targetHints":{"allow":["GET"]}}],"collection":[{"href":"https:\/\/www.europesays.com\/fr\/wp-json\/wp\/v2\/posts"}],"about":[{"href":"https:\/\/www.europesays.com\/fr\/wp-json\/wp\/v2\/types\/post"}],"author":[{"embeddable":true,"href":"https:\/\/www.europesays.com\/fr\/wp-json\/wp\/v2\/users\/2"}],"replies":[{"embeddable":true,"href":"https:\/\/www.europesays.com\/fr\/wp-json\/wp\/v2\/comments?post=486814"}],"version-history":[{"count":0,"href":"https:\/\/www.europesays.com\/fr\/wp-json\/wp\/v2\/posts\/486814\/revisions"}],"wp:featuredmedia":[{"embeddable":true,"href":"https:\/\/www.europesays.com\/fr\/wp-json\/wp\/v2\/media\/486815"}],"wp:attachment":[{"href":"https:\/\/www.europesays.com\/fr\/wp-json\/wp\/v2\/media?parent=486814"}],"wp:term":[{"taxonomy":"category","embeddable":true,"href":"https:\/\/www.europesays.com\/fr\/wp-json\/wp\/v2\/categories?post=486814"},{"taxonomy":"post_tag","embeddable":true,"href":"https:\/\/www.europesays.com\/fr\/wp-json\/wp\/v2\/tags?post=486814"}],"curies":[{"name":"wp","href":"https:\/\/api.w.org\/{rel}","templated":true}]}}