{"id":486826,"date":"2025-10-24T13:14:13","date_gmt":"2025-10-24T13:14:13","guid":{"rendered":"https:\/\/www.europesays.com\/fr\/486826\/"},"modified":"2025-10-24T13:14:13","modified_gmt":"2025-10-24T13:14:13","slug":"un-jeune-homme-de-20-ans-mis-en-examen","status":"publish","type":"post","link":"https:\/\/www.europesays.com\/fr\/486826\/","title":{"rendered":"un jeune homme de 20 ans mis en examen"},"content":{"rendered":"<p>Un suspect \u00e2g\u00e9 de 20\u00a0ans a \u00e9t\u00e9 mis en examen mercredi 22\u00a0octobre 2025 apr\u00e8s la mort d\u2019une adolescente de 15\u00a0ans dans une chambre d\u2019h\u00f4tel de Lomme (<a target=\"_self\" href=\"https:\/\/www.lanouvellerepublique.fr\/nord\" rel=\"noopener\">Nord<\/a>), rapporte <a target=\"_blank\" href=\"https:\/\/www.lavoixdunord.fr\/1638456\/article\/2025-10-22\/feminicide-dans-un-hotel-lomme-le-suspect-defere-ce-mercredi-midi-au-tribunal\" rel=\"noopener\">La Voix du Nord<\/a>. Il s\u2019\u00e9tait pr\u00e9sent\u00e9 de lui-m\u00eame au commissariat de Lille lundi dernier et n\u2019\u00e9tait pas connu pour des faits de violence.<\/p>\n<p>Un d\u00e9c\u00e8s caus\u00e9 par une asphyxie<\/p>\n<p>Samuel Finielz, procureur de la R\u00e9publique de Lille, a indiqu\u00e9 dans un communiqu\u00e9 qu\u2019une information judiciaire pour homicide volontaire par conjoint a \u00e9t\u00e9 ouverte. Le jeune homme avait indiqu\u00e9 lundi aux policiers qu\u2019il avait <a target=\"_self\" href=\"https:\/\/www.lanouvellerepublique.fr\/a-la-une\/une-jeune-fille-retrouvee-morte-dans-un-hotel-pres-de-lille-un-suspect-en-garde-a-vue-1760968724\" rel=\"noopener\">tu\u00e9 sa petite amie<\/a>. Selon les informations de nos confr\u00e8res, il aurait \u00e9voqu\u00e9 une jalousie excessive. Mis en examen \u00e0 l\u2019issue de 48\u00a0h de garde \u00e0 vue, il a \u00e9t\u00e9 plac\u00e9 en d\u00e9tention.<\/p>\n<p>Les faits se sont d\u00e9roul\u00e9s le 18\u00a0octobre dernier. \u00ab\u00a0Les premi\u00e8res constatations m\u00e9dico-l\u00e9gales \u00e9tablissent que le d\u00e9c\u00e8s [de la jeune fille] est cons\u00e9cutif \u00e0 une asphyxie due \u00e0 un \u00e9touffement\u00a0\u00bb, a d\u00e9taill\u00e9 le procureur. La victime \u00ab\u00a0\u00e9tait suivie en assistance \u00e9ducative par un juge des enfants du tribunal judiciaire de Lille depuis 2022\u00a0\u00bb, a pr\u00e9cis\u00e9 le procureur, ajoutant qu\u2019elle avait \u00e9t\u00e9 plac\u00e9e aupr\u00e8s de l\u2019aide sociale \u00e0 l\u2019enfance depuis octobre\u00a02023 et \u00ab\u00a0faisait r\u00e9guli\u00e8rement des fugues\u00a0\u00bb.<\/p>\n","protected":false},"excerpt":{"rendered":"Un suspect \u00e2g\u00e9 de 20\u00a0ans a \u00e9t\u00e9 mis en examen mercredi 22\u00a0octobre 2025 apr\u00e8s la mort d\u2019une adolescente&hellip;\n","protected":false},"author":2,"featured_media":486827,"comment_status":"","ping_status":"","sticky":false,"template":"","format":"standard","meta":{"footnotes":""},"categories":[2815],"tags":[1111,11,1674,1777,674,274,1011,27,811,1307,12,1308,25],"class_list":{"0":"post-486826","1":"post","2":"type-post","3":"status-publish","4":"format-standard","5":"has-post-thumbnail","7":"category-lille","8":"tag-actu","9":"tag-actualites","10":"tag-communes","11":"tag-eu","12":"tag-europe","13":"tag-faits-divers-justice","14":"tag-fr","15":"tag-france","16":"tag-hauts-de-france","17":"tag-lille","18":"tag-news","19":"tag-nord","20":"tag-republique-francaise"},"share_on_mastodon":{"url":"https:\/\/pubeurope.com\/@fr\/115429327792653658","error":""},"_links":{"self":[{"href":"https:\/\/www.europesays.com\/fr\/wp-json\/wp\/v2\/posts\/486826","targetHints":{"allow":["GET"]}}],"collection":[{"href":"https:\/\/www.europesays.com\/fr\/wp-json\/wp\/v2\/posts"}],"about":[{"href":"https:\/\/www.europesays.com\/fr\/wp-json\/wp\/v2\/types\/post"}],"author":[{"embeddable":true,"href":"https:\/\/www.europesays.com\/fr\/wp-json\/wp\/v2\/users\/2"}],"replies":[{"embeddable":true,"href":"https:\/\/www.europesays.com\/fr\/wp-json\/wp\/v2\/comments?post=486826"}],"version-history":[{"count":0,"href":"https:\/\/www.europesays.com\/fr\/wp-json\/wp\/v2\/posts\/486826\/revisions"}],"wp:featuredmedia":[{"embeddable":true,"href":"https:\/\/www.europesays.com\/fr\/wp-json\/wp\/v2\/media\/486827"}],"wp:attachment":[{"href":"https:\/\/www.europesays.com\/fr\/wp-json\/wp\/v2\/media?parent=486826"}],"wp:term":[{"taxonomy":"category","embeddable":true,"href":"https:\/\/www.europesays.com\/fr\/wp-json\/wp\/v2\/categories?post=486826"},{"taxonomy":"post_tag","embeddable":true,"href":"https:\/\/www.europesays.com\/fr\/wp-json\/wp\/v2\/tags?post=486826"}],"curies":[{"name":"wp","href":"https:\/\/api.w.org\/{rel}","templated":true}]}}