{"id":486828,"date":"2025-10-24T13:15:14","date_gmt":"2025-10-24T13:15:14","guid":{"rendered":"https:\/\/www.europesays.com\/fr\/486828\/"},"modified":"2025-10-24T13:15:14","modified_gmt":"2025-10-24T13:15:14","slug":"revelation-du-stand-up-nordine-ganso-est-pret-a-faire-rire-marseille","status":"publish","type":"post","link":"https:\/\/www.europesays.com\/fr\/486828\/","title":{"rendered":"R\u00e9v\u00e9lation du stand-up, Nordine Ganso est pr\u00eat \u00e0 faire rire Marseille"},"content":{"rendered":"<p>D\u2019un parfait inconnu aux belles salles en France, tout \u00e7a en quelques ann\u00e9es \u00e0 peine, la trajectoire de <a href=\"https:\/\/www.laprovence.com\/article\/culture-loisirs\/1702139018900514\/nash-et-nordine-ganso-deux-etoiles-montantes-du-stand-up-attendues-a-marseille-le-2-juin-2025\" target=\"_blank\" rel=\"noopener\">Nordine Ganso<\/a> est tout simplement remarquable. Et ce n\u2019est pas le public marseillais qui dira le contraire, tant il a eu l\u2019occasion de voir l\u2019humoriste \u00e9voluer \u00e0 grande vitesse dans ses com\u00e9die clubs ces derni\u00e8res ann\u00e9es.<\/p>\n<p>Ainsi, une certaine \u00e9motion devrait parcourir les rang\u00e9es de spectateurs au lever de rideau dimanche, \u00e0 l\u2019Espace Julien. La prochaine \u00e9tape pour Violet, un spectacle lanc\u00e9 dans une tourn\u00e9e nationale depuis\u00a02024, qui avait d\u00e9j\u00e0 fait escale dans la salle marseillaise en janvier dernier. Un show de stand-up dans sa plus pure forme, avec un propos tr\u00e8s personnel pour lequel il n\u2019est nullement n\u00e9cessaire de convoquer des personnages. Ici, le com\u00e9dien se met \u00e0 nu et son exp\u00e9rience de vie trouve toujours un certain \u00e9cho dans le public.<\/p>\n<p>Passage \u00e0 l\u2019\u00e2ge adulte, m\u00e9tissage et perte de virginit\u00e9 \u00e0 24\u00a0ans<\/p>\n<p>Apr\u00e8s le pr\u00e9d\u00e9cesseur Fragilement dr\u00f4le, on retrouve avec Violet c\u2019est le r\u00e9cit de l\u2019adolescent qui passe \u00e0 l\u2019\u00e2ge adulte. Une p\u00e9riode qui a marqu\u00e9 Nordine Ganso, d\u2019autant plus qu\u2019elle co\u00efncide avec ses d\u00e9buts dans l\u2019humour, inspir\u00e9s par son p\u00e8re. \u00ab\u00a0Il m\u2019a apport\u00e9 beaucoup de l\u00e9&#8230;<\/p>\n","protected":false},"excerpt":{"rendered":"D\u2019un parfait inconnu aux belles salles en France, tout \u00e7a en quelques ann\u00e9es \u00e0 peine, la trajectoire de&hellip;\n","protected":false},"author":2,"featured_media":486829,"comment_status":"","ping_status":"","sticky":false,"template":"","format":"standard","meta":{"footnotes":""},"categories":[2814],"tags":[17,1111,11,251,932,1777,674,4560,1011,27,27182,884,12,27181,468,882,25,9353,7492],"class_list":{"0":"post-486828","1":"post","2":"type-post","3":"status-publish","4":"format-standard","5":"has-post-thumbnail","7":"category-marseille","8":"tag-17","9":"tag-actu","10":"tag-actualites","11":"tag-culture","12":"tag-est","13":"tag-eu","14":"tag-europe","15":"tag-faire","16":"tag-fr","17":"tag-france","18":"tag-ganso","19":"tag-marseille","20":"tag-news","21":"tag-nordine","22":"tag-pret","23":"tag-provence-alpes-cote-dazur","24":"tag-republique-francaise","25":"tag-revelation","26":"tag-stand-up"},"share_on_mastodon":{"url":"https:\/\/pubeurope.com\/@fr\/115429331743491895","error":""},"_links":{"self":[{"href":"https:\/\/www.europesays.com\/fr\/wp-json\/wp\/v2\/posts\/486828","targetHints":{"allow":["GET"]}}],"collection":[{"href":"https:\/\/www.europesays.com\/fr\/wp-json\/wp\/v2\/posts"}],"about":[{"href":"https:\/\/www.europesays.com\/fr\/wp-json\/wp\/v2\/types\/post"}],"author":[{"embeddable":true,"href":"https:\/\/www.europesays.com\/fr\/wp-json\/wp\/v2\/users\/2"}],"replies":[{"embeddable":true,"href":"https:\/\/www.europesays.com\/fr\/wp-json\/wp\/v2\/comments?post=486828"}],"version-history":[{"count":0,"href":"https:\/\/www.europesays.com\/fr\/wp-json\/wp\/v2\/posts\/486828\/revisions"}],"wp:featuredmedia":[{"embeddable":true,"href":"https:\/\/www.europesays.com\/fr\/wp-json\/wp\/v2\/media\/486829"}],"wp:attachment":[{"href":"https:\/\/www.europesays.com\/fr\/wp-json\/wp\/v2\/media?parent=486828"}],"wp:term":[{"taxonomy":"category","embeddable":true,"href":"https:\/\/www.europesays.com\/fr\/wp-json\/wp\/v2\/categories?post=486828"},{"taxonomy":"post_tag","embeddable":true,"href":"https:\/\/www.europesays.com\/fr\/wp-json\/wp\/v2\/tags?post=486828"}],"curies":[{"name":"wp","href":"https:\/\/api.w.org\/{rel}","templated":true}]}}