{"id":486832,"date":"2025-10-24T13:17:10","date_gmt":"2025-10-24T13:17:10","guid":{"rendered":"https:\/\/www.europesays.com\/fr\/486832\/"},"modified":"2025-10-24T13:17:10","modified_gmt":"2025-10-24T13:17:10","slug":"la-police-frappe-fort-dans-le-quartier-louis-braille-a-saint-priest","status":"publish","type":"post","link":"https:\/\/www.europesays.com\/fr\/486832\/","title":{"rendered":"la police frappe fort dans le quartier Louis-Braille \u00e0 Saint-Priest"},"content":{"rendered":"<p itemprop=\"description\"><strong>Mardi et mercredi, les forces de l\u2019ordre ont men\u00e9 une importante op\u00e9ration dans le quartier Louis-Braille \u00e0 Saint-Priest.<\/strong><\/p>\n<p>Men\u00e9e dans le cadre du plan d\u00e9partemental de restauration de la s\u00e9curit\u00e9 du quotidien, cette action visait \u00e0 renforcer la tranquillit\u00e9 publique et la lutte contre les trafics.<\/p>\n<p>Pr\u00e8s de 80 agents \u00e9taient d\u00e9ploy\u00e9s, parmi lesquels la police nationale, la police municipale, la RATP et la direction d\u00e9partementale de la protection des populations (DDPP). Cette op\u00e9ration \u00ab\u00a0Ville s\u00e9curit\u00e9 renforc\u00e9e\u00a0\u00bb s\u2019inscrit dans une s\u00e9rie d\u2019actions d\u00e9j\u00e0 men\u00e9es dans plusieurs secteurs de Lyon et de la m\u00e9tropole, comme la Guilloti\u00e8re ou la Part-Dieu.<\/p>\n<p><strong>Trois interpellations et des saisies<\/strong><\/p>\n<p>Au total, 428 personnes ont \u00e9t\u00e9 contr\u00f4l\u00e9es. Trois individus ont \u00e9t\u00e9 interpell\u00e9s pour trafic de stup\u00e9fiants ou vol avec violence, et quatre \u00e9trangers en situation irr\u00e9guli\u00e8re ont \u00e9t\u00e9 remis \u00e0 la police aux fronti\u00e8res. Pr\u00e8s d\u2019un kilo de r\u00e9sine de cannabis ainsi que plusieurs v\u00e9hicules ont \u00e9t\u00e9 saisis.<\/p>\n<p>Cinq commerces ont \u00e9galement \u00e9t\u00e9 inspect\u00e9s : deux ont \u00e9t\u00e9 mis en demeure pour non-respect des r\u00e8gles d\u2019hygi\u00e8ne, trois ont \u00e9cop\u00e9 d\u2019amendes fiscales et du travail dissimul\u00e9 a \u00e9t\u00e9 constat\u00e9. Une fermeture administrative imm\u00e9diate a \u00e9t\u00e9 prononc\u00e9e.<\/p>\n","protected":false},"excerpt":{"rendered":"Mardi et mercredi, les forces de l\u2019ordre ont men\u00e9 une importante op\u00e9ration dans le quartier Louis-Braille \u00e0 Saint-Priest.&hellip;\n","protected":false},"author":2,"featured_media":486833,"comment_status":"","ping_status":"","sticky":false,"template":"","format":"standard","meta":{"footnotes":""},"categories":[1889],"tags":[1111,11,2813,2190,2430,1109,251,1112,2811,1777,674,118,1011,27,1922,1110,1114,2428,2810,12,241,316,25,2812,517,800],"class_list":{"0":"post-486832","1":"post","2":"type-post","3":"status-publish","4":"format-standard","5":"has-post-thumbnail","7":"category-lyon","8":"tag-actu","9":"tag-actualites","10":"tag-article","11":"tag-asvel","12":"tag-auvergne-rhone-alpes","13":"tag-breves","14":"tag-culture","15":"tag-depeches","16":"tag-economique","17":"tag-eu","18":"tag-europe","19":"tag-faits-divers","20":"tag-fr","21":"tag-france","22":"tag-info","23":"tag-informations","24":"tag-infos","25":"tag-lyon","26":"tag-lyonmag","27":"tag-news","28":"tag-ol","29":"tag-politique","30":"tag-republique-francaise","31":"tag-sociale","32":"tag-sport","33":"tag-transports"},"share_on_mastodon":{"url":"https:\/\/pubeurope.com\/@fr\/115429339660711278","error":""},"_links":{"self":[{"href":"https:\/\/www.europesays.com\/fr\/wp-json\/wp\/v2\/posts\/486832","targetHints":{"allow":["GET"]}}],"collection":[{"href":"https:\/\/www.europesays.com\/fr\/wp-json\/wp\/v2\/posts"}],"about":[{"href":"https:\/\/www.europesays.com\/fr\/wp-json\/wp\/v2\/types\/post"}],"author":[{"embeddable":true,"href":"https:\/\/www.europesays.com\/fr\/wp-json\/wp\/v2\/users\/2"}],"replies":[{"embeddable":true,"href":"https:\/\/www.europesays.com\/fr\/wp-json\/wp\/v2\/comments?post=486832"}],"version-history":[{"count":0,"href":"https:\/\/www.europesays.com\/fr\/wp-json\/wp\/v2\/posts\/486832\/revisions"}],"wp:featuredmedia":[{"embeddable":true,"href":"https:\/\/www.europesays.com\/fr\/wp-json\/wp\/v2\/media\/486833"}],"wp:attachment":[{"href":"https:\/\/www.europesays.com\/fr\/wp-json\/wp\/v2\/media?parent=486832"}],"wp:term":[{"taxonomy":"category","embeddable":true,"href":"https:\/\/www.europesays.com\/fr\/wp-json\/wp\/v2\/categories?post=486832"},{"taxonomy":"post_tag","embeddable":true,"href":"https:\/\/www.europesays.com\/fr\/wp-json\/wp\/v2\/tags?post=486832"}],"curies":[{"name":"wp","href":"https:\/\/api.w.org\/{rel}","templated":true}]}}