{"id":486838,"date":"2025-10-24T13:20:12","date_gmt":"2025-10-24T13:20:12","guid":{"rendered":"https:\/\/www.europesays.com\/fr\/486838\/"},"modified":"2025-10-24T13:20:12","modified_gmt":"2025-10-24T13:20:12","slug":"ligne-6-coupee-en-deux-rer-fermes-en-soiree-les-perturbations-du-week-end-des-25-et-26-octobre","status":"publish","type":"post","link":"https:\/\/www.europesays.com\/fr\/486838\/","title":{"rendered":"Ligne 6 coup\u00e9e en deux, RER ferm\u00e9s en soir\u00e9e\u00a0: les perturbations du week-end des 25 et 26\u00a0octobre"},"content":{"rendered":"<p class=\"paragraph text_align_left lp-f-body-02\">En \u00cele-de-France, les perturbations pour travaux de maintenance sont relativement limit\u00e9es ce week-end. Le point complet.<\/p>\n<p>M\u00e9tro<\/p>\n<p class=\"paragraph text_align_left lp-f-body-02\"><b>Ligne 6.<\/b> C\u2019est une perturbation du week-end\u2026 et au-del\u00e0. Une nouvelle phase de modernisation des \u00e9quipements de voie de la ligne 6 (Nation\/Charles de Gaulle-Etoile) n\u00e9cessite sa <a href=\"https:\/\/www.leparisien.fr\/info-paris-ile-de-france-oise\/transports\/paris-la-ligne-6-du-metro-fermee-sur-pres-de-la-moitie-de-son-parcours-pendant-plusieurs-jours-20-10-2025-63LK45ZF4ZBKDBBWY4AU6UOVXQ.php\" target=\"_self\" rel=\"noopener\">fermeture entre les stations Place d\u2019Italie et La Motte-Picquet Grenelle<\/a>. Le tron\u00e7on sur lequel la circulation des trains est interrompue depuis une semaine rouvrira aux voyageurs vendredi 31 octobre. Un service de bus de substitution reste en place jusqu\u2019\u00e0 cette date.<\/p>\n<p class=\"paragraph text_align_left lp-f-body-02\"><b>Ligne 14.<\/b> Pas de m\u00e9tro pour les l\u00e8ve-t\u00f4t ce dimanche. La ligne 14 prolong\u00e9e (Saint-Denis Pleyel\/A\u00e9roport d\u2019Orly) n\u2019ouvrira ses portes aux usagers qu\u2019\u00e0 partir de 10 heures ce 26 octobre. Un service de bus de remplacement assurant la liaison entre la gare de Lyon et la station Olympiades (ancien terminus de la ligne 14) sera mis en place de l\u2019heure de d\u00e9but de service jusqu\u2019\u00e0 l\u2019ouverture du m\u00e9tro.<\/p>\n<p>RER<\/p>\n<p class=\"paragraph text_align_left lp-f-body-02\"><b>Ligne A. <\/b>Le trafic est interrompu entre Nanterre Pr\u00e9fecture et Cergy le Haut et entre Nanterre Pr\u00e9fecture et Poissy, tous les soirs \u00e0 partir de 22 heures jusqu\u2019au mois prochain. Apr\u00e8s cet horaire, un service de bus de remplacement est mis en place au d\u00e9part de Nanterre-Universit\u00e9, qui reste desservi par le RER A (axe Saint-Germain-en-Laye).<\/p>\n<p class=\"paragraph text_align_left lp-f-body-02\"><b>Ligne C. <\/b>Durant tout le week-end, les trains seront directs entre Choisy-le-Roi et <a href=\"https:\/\/www.leparisien.fr\/essonne-91\/a-la-gare-de-juvisy-un-point-de-deal-rase-pour-retrouver-des-espaces-verts-et-de-la-respiration-29-04-2025-ILNV6A323FGUJB2TXFJLZ3ADGY.php\" target=\"_self\" rel=\"noopener\">Juvisy-sur-Orge<\/a>. Les gares de Villeneuve-le-Roi, Ablon et Athis-Mons ne seront pas desservies, mais uniquement dans le sens Paris banlieue. Des interruptions de circulation sont \u00e9galement \u00e0 pr\u00e9voir sur diff\u00e9rentes branches de la ligne C en fin de soir\u00e9e. Les trains entre Paris-Austerlitz et Juvisy seront arr\u00eat\u00e9s \u00e0 partir de 23h45. L\u2019axe Versailles Ch\u00e2teau Rive-Gauche\/Invalides fermera \u00e0 23h50.<\/p>\n<p class=\"paragraph text_align_left lp-f-body-02\"><b>Ligne D.<\/b> Pas de RER sur la branche sud de ligne durant la nuit de samedi \u00e0 dimanche. Le trafic sera interrompu de la Gare de Lyon \u00e0 Villeneuve-Saint-Georges de 22h25 samedi \u00e0 5h25 le lendemain. Un service de bus de remplacement sera mis en place.<\/p>\n<p>Transiliens<\/p>\n<p class=\"paragraph text_align_left lp-f-body-02\"><b>Ligne H. <\/b>Pas trains de \u00ab nuit \u00bb sur une des branches de la ligne H. Le trafic ferroviaire entre la Gare du Nord et Sarcelles-Saint-Brice est interrompu de 23h50 samedi \u00e0 8h50 dimanche. Un service de bus de remplacement est mis en place au d\u00e9part de la station La Plaine-Stade de France sur la ligne B.<\/p>\n<p class=\"paragraph text_align_left lp-f-body-02\"><b>Ligne L<\/b>. Le trafic est interrompu, samedi et dimanche, entre B\u00e9con-les-Bruy\u00e8res, Nanterre-Universit\u00e9 et Maisons-Laffitte. Un service de bus de remplacement est mis en place entre B\u00e9con les Bruy\u00e8res et Sartrouville, avec desserte des gares interm\u00e9diaires.<\/p>\n<p class=\"paragraph text_align_left lp-f-body-02\"><b>Ligne N.<\/b> En raison de travaux de maintenance sur les voies, aucun train de <a href=\"https:\/\/www.leparisien.fr\/info-paris-ile-de-france-oise\/transports\/transilien-grace-au-nouveau-technicentre-de-bagneux-la-ligne-n-est-plus-ponctuelle-que-les-trains-suisses-21-10-2025-T55EHDXWT5GQLC5XES7B6GUZBA.php\" target=\"_self\" rel=\"noopener\">la ligne N<\/a> ne circulera entre Paris-Montparnasse et Versailles-Chantiers ce samedi. Retour au trafic normal le lendemain.<\/p>\n<p class=\"paragraph text_align_left lp-f-body-02\"><b>Ligne P.<\/b> Le chantier renouvellement des voies entre Provins et Longeville n\u00e9cessite \u00e0 nouveau la fermeture de l\u2019axe Paris-Est\/Provins durant tout le week-end. Plusieurs services de bus de remplacement (omnibus ou directs) sont mis en place entre Provins et Tournan, gare de correspondance avec le RER E.<\/p>\n","protected":false},"excerpt":{"rendered":"En \u00cele-de-France, les perturbations pour travaux de maintenance sont relativement limit\u00e9es ce week-end. Le point complet. M\u00e9tro Ligne&hellip;\n","protected":false},"author":2,"featured_media":486839,"comment_status":"","ping_status":"","sticky":false,"template":"","format":"standard","meta":{"footnotes":""},"categories":[1592],"tags":[1111,11,1777,674,1011,27,662,1944,12,626,25,2382],"class_list":{"0":"post-486838","1":"post","2":"type-post","3":"status-publish","4":"format-standard","5":"has-post-thumbnail","7":"category-ile-de-france","8":"tag-actu","9":"tag-actualites","10":"tag-eu","11":"tag-europe","12":"tag-fr","13":"tag-france","14":"tag-ile-de-france","15":"tag-ma-ville","16":"tag-news","17":"tag-paris","18":"tag-republique-francaise","19":"tag-transport-idf-oise"},"share_on_mastodon":{"url":"https:\/\/pubeurope.com\/@fr\/115429351568646424","error":""},"_links":{"self":[{"href":"https:\/\/www.europesays.com\/fr\/wp-json\/wp\/v2\/posts\/486838","targetHints":{"allow":["GET"]}}],"collection":[{"href":"https:\/\/www.europesays.com\/fr\/wp-json\/wp\/v2\/posts"}],"about":[{"href":"https:\/\/www.europesays.com\/fr\/wp-json\/wp\/v2\/types\/post"}],"author":[{"embeddable":true,"href":"https:\/\/www.europesays.com\/fr\/wp-json\/wp\/v2\/users\/2"}],"replies":[{"embeddable":true,"href":"https:\/\/www.europesays.com\/fr\/wp-json\/wp\/v2\/comments?post=486838"}],"version-history":[{"count":0,"href":"https:\/\/www.europesays.com\/fr\/wp-json\/wp\/v2\/posts\/486838\/revisions"}],"wp:featuredmedia":[{"embeddable":true,"href":"https:\/\/www.europesays.com\/fr\/wp-json\/wp\/v2\/media\/486839"}],"wp:attachment":[{"href":"https:\/\/www.europesays.com\/fr\/wp-json\/wp\/v2\/media?parent=486838"}],"wp:term":[{"taxonomy":"category","embeddable":true,"href":"https:\/\/www.europesays.com\/fr\/wp-json\/wp\/v2\/categories?post=486838"},{"taxonomy":"post_tag","embeddable":true,"href":"https:\/\/www.europesays.com\/fr\/wp-json\/wp\/v2\/tags?post=486838"}],"curies":[{"name":"wp","href":"https:\/\/api.w.org\/{rel}","templated":true}]}}