{"id":486840,"date":"2025-10-24T13:21:12","date_gmt":"2025-10-24T13:21:12","guid":{"rendered":"https:\/\/www.europesays.com\/fr\/486840\/"},"modified":"2025-10-24T13:21:12","modified_gmt":"2025-10-24T13:21:12","slug":"deux-femmes-deposent-une-nouvelle-plainte-a-paris-pour-relancer-lenquete","status":"publish","type":"post","link":"https:\/\/www.europesays.com\/fr\/486840\/","title":{"rendered":"deux femmes d\u00e9posent une nouvelle plainte \u00e0 Paris pour relancer l&rsquo;enqu\u00eate"},"content":{"rendered":"<p>            Par<br \/>\n        <strong><br \/>\n            <a href=\"https:\/\/actu.fr\/auteur\/redaction-paris\" title=\"Consulter tous les articles de R\u00e9daction Paris\" rel=\"nofollow noopener\" target=\"_blank\">R\u00e9daction Paris<\/a><br \/>\n        <\/strong><\/p>\n<p>        Publi\u00e9 le<\/p>\n<p>            24 oct. 2025 \u00e0 13h43        <\/p>\n<p>L\u2019enqu\u00eate sera-t-elle relanc\u00e9e ? Deux femmes qui accusent le rappeur <a href=\"https:\/\/actu.fr\/tag\/lomepal\" rel=\"nofollow noopener\" target=\"_blank\">Lomepal<\/a> de viols, et dont <a href=\"https:\/\/actu.fr\/ile-de-france\/paris_75056\/paris-lomepal-accuse-de-viols-l-enquete-classee-sans-suite_62165636.html\" rel=\"nofollow noopener\" target=\"_blank\">la plainte avait \u00e9t\u00e9 class\u00e9e<\/a>, en ont <strong>d\u00e9pos\u00e9 une nouvelle<\/strong> avec constitution de partie civile afin de <a href=\"https:\/\/actu.fr\/ile-de-france\/paris_75056\/paris-le-rappeur-lomepal-accuse-de-viol-une-enquete-preliminaire-ouverte_59927700.html\" rel=\"nofollow noopener\" target=\"_blank\">relancer l\u2019enqu\u00eate<\/a> et d\u2019obtenir la d\u00e9signation d\u2019un juge d\u2019instruction.<\/p>\n<p>\u00ab\u00a0Multiples contradictions\u00a0\u00bb<\/p>\n<p class=\" wall-content\">En janvier 2025, le <a href=\"https:\/\/actu.fr\/tag\/tribunal-de-paris\" rel=\"nofollow noopener\" target=\"_blank\">parquet de Paris<\/a> avait class\u00e9 les plaintes de ces deux femmes, et d\u2019une troisi\u00e8me, faisant valoir que les faits n\u2019avaient <strong>pas pu \u00eatre \u00ab\u00a0clairement \u00e9tablis\u00a0\u00bb<\/strong> au cours des investigations.<\/p>\n<p class=\" wall-content\">Estimant que l\u2019enqu\u00eate n\u2019avait pas cherch\u00e9 \u00e0 creuser les \u00ab\u00a0multiples contradictions et <strong>propos mensongers<\/strong>\u00a0\u00bb dans les d\u00e9clarations de l\u2019artiste et de ses amis devant les policiers, Me Fr\u00e9d\u00e9rique Pollet Rouyer a indiqu\u00e9 avoir d\u00e9pos\u00e9 une nouvelle plainte, avec constitution de partie civile, confirmant une information de <a href=\"https:\/\/www.liberation.fr\/culture\/musique\/quatre-femmes-accusent-lomepal-de-viols-jai-dit-non-stop-arrete-il-ne-repondait-pas-20251017_TJ3RP62IING77HABRUYBM5BBSM\/\" rel=\"nofollow noopener\" target=\"_blank\">Lib\u00e9ration<\/a>.<\/p>\n<p class=\" wall-content\">La <strong>troisi\u00e8me femme<\/strong> qui avait vu sa plainte class\u00e9e ne souhaite pas pour l\u2019instant relancer la proc\u00e9dure judiciaire, a indiqu\u00e9 \u00e0 l\u2019AFP son avocat, Me Sacha Ghozlan.<\/p>\n<p class=\" wall-content\">Sollicit\u00e9e, la d\u00e9fense de Lomepal, <strong>Antoine Valentinelli<\/strong> de son vrai nom, a indiqu\u00e9 n\u2019avoir \u00ab\u00a0pas plus de commentaires \u00e0 faire sur une affaire qui a d\u00e9j\u00e0 \u00e9t\u00e9 minutieusement \u00e9tudi\u00e9e et tranch\u00e9e par la justice\u00a0\u00bb.<\/p>\n<p>\u00ab\u00a0Toute ma vie a \u00e9t\u00e9 fouill\u00e9e\u00a0\u00bb<\/p>\n<p class=\" wall-content\">Le rappeur parisien, \u00e2g\u00e9 de 33 ans, avait <strong>constamment ni\u00e9<\/strong> devant les policiers toute violence ou contrainte lors de ces rapports sexuels et d\u00e9nonc\u00e9 des \u00ab\u00a0mensonges\u00a0\u00bb.<\/p>\n<p class=\" wall-content\">Faute d\u2019\u00e9l\u00e9ments mat\u00e9riels plusieurs ann\u00e9es apr\u00e8s les faits all\u00e9gu\u00e9s, l\u2019enqu\u00eate s\u2019\u00e9tait concentr\u00e9e sur les <strong>d\u00e9clarations des parties<\/strong>, celles de leurs entourages, ou encore la fa\u00e7on dont les victimes ont pu d\u00e9noncer les faits.<\/p>\n<p>Votre r\u00e9gion, votre actu !<\/p>\n<p>Recevez chaque jour les infos qui comptent pour vous.<\/p>\n<p>\t<a href=\"https:\/\/actu.fr\/newsletter\" class=\"ac-btn ac-btn--corner ac-btn--medium ac-btn--blue800\" rel=\"nofollow noopener\" target=\"_blank\">S&rsquo;incrire<\/a><\/p>\n<p class=\" wall-content\">En janvier, Lomepal avait <strong>annonc\u00e9 le classement sans suite<\/strong> des premi\u00e8res plaintes sur ses r\u00e9seaux sociaux, d\u00e9clarant : \u00ab\u00a0Je suis innocent\u00a0\u00bb. \u00ab\u00a0Toute ma vie a \u00e9t\u00e9 fouill\u00e9e (\u2026), tout le monde a \u00e9t\u00e9 interrog\u00e9\u00a0\u00bb, soulignait-t-il.<\/p>\n<p class=\" wall-content\">Avec AFP.<\/p>\n<p class=\" wall-content\">Personnalisez votre actualit\u00e9 en ajoutant vos villes et m\u00e9dias en favori avec <a href=\"https:\/\/moncompte.actu.fr\" title=\"D\u00e9couvez Mon Actu\" rel=\"nofollow noopener\" data-trk=\"{&quot;cta&quot;:{&quot;action&quot;:&quot;https:\\\/\\\/moncompte.actu.fr&quot;,&quot;category&quot;:&quot;mon compte&quot;,&quot;from&quot;:&quot;article footer&quot;,&quot;name&quot;:&quot;Mon actu&quot;,&quot;type&quot;:&quot;cta&quot;}}\" target=\"_blank\">Mon Actu<\/a>.<\/p>\n","protected":false},"excerpt":{"rendered":"Par R\u00e9daction Paris Publi\u00e9 le 24 oct. 2025 \u00e0 13h43 L\u2019enqu\u00eate sera-t-elle relanc\u00e9e ? Deux femmes qui accusent&hellip;\n","protected":false},"author":2,"featured_media":486841,"comment_status":"","ping_status":"","sticky":false,"template":"","format":"standard","meta":{"footnotes":""},"categories":[1888],"tags":[1111,1928,11,1927,1777,674,118,1011,27,61005,12,1926,626,1925,25,799],"class_list":{"0":"post-486840","1":"post","2":"type-post","3":"status-publish","4":"format-standard","5":"has-post-thumbnail","7":"category-paris","8":"tag-actu","9":"tag-actu-paris","10":"tag-actualites","11":"tag-actualites-paris","12":"tag-eu","13":"tag-europe","14":"tag-faits-divers","15":"tag-fr","16":"tag-france","17":"tag-lomepal","18":"tag-news","19":"tag-news-paris","20":"tag-paris","21":"tag-paris-news","22":"tag-republique-francaise","23":"tag-violences-sexuelles"},"share_on_mastodon":{"url":"https:\/\/pubeurope.com\/@fr\/115429356117051418","error":""},"_links":{"self":[{"href":"https:\/\/www.europesays.com\/fr\/wp-json\/wp\/v2\/posts\/486840","targetHints":{"allow":["GET"]}}],"collection":[{"href":"https:\/\/www.europesays.com\/fr\/wp-json\/wp\/v2\/posts"}],"about":[{"href":"https:\/\/www.europesays.com\/fr\/wp-json\/wp\/v2\/types\/post"}],"author":[{"embeddable":true,"href":"https:\/\/www.europesays.com\/fr\/wp-json\/wp\/v2\/users\/2"}],"replies":[{"embeddable":true,"href":"https:\/\/www.europesays.com\/fr\/wp-json\/wp\/v2\/comments?post=486840"}],"version-history":[{"count":0,"href":"https:\/\/www.europesays.com\/fr\/wp-json\/wp\/v2\/posts\/486840\/revisions"}],"wp:featuredmedia":[{"embeddable":true,"href":"https:\/\/www.europesays.com\/fr\/wp-json\/wp\/v2\/media\/486841"}],"wp:attachment":[{"href":"https:\/\/www.europesays.com\/fr\/wp-json\/wp\/v2\/media?parent=486840"}],"wp:term":[{"taxonomy":"category","embeddable":true,"href":"https:\/\/www.europesays.com\/fr\/wp-json\/wp\/v2\/categories?post=486840"},{"taxonomy":"post_tag","embeddable":true,"href":"https:\/\/www.europesays.com\/fr\/wp-json\/wp\/v2\/tags?post=486840"}],"curies":[{"name":"wp","href":"https:\/\/api.w.org\/{rel}","templated":true}]}}