{"id":486842,"date":"2025-10-24T13:22:20","date_gmt":"2025-10-24T13:22:20","guid":{"rendered":"https:\/\/www.europesays.com\/fr\/486842\/"},"modified":"2025-10-24T13:22:20","modified_gmt":"2025-10-24T13:22:20","slug":"encheres-sothebys-tout-ce-quil-faut-savoir-the-paris-sales","status":"publish","type":"post","link":"https:\/\/www.europesays.com\/fr\/486842\/","title":{"rendered":"Ench\u00e8res Sotheby&rsquo;s : Tout ce qu&rsquo;il faut savoir \u00ab\u00a0The Paris Sales\u00a0\u00bb"},"content":{"rendered":"<p>Cet <a href=\"https:\/\/www.vogue.fr\/dossier\/automne\" isautogenerated=\"true\" target=\"_blank\" rel=\"noopener\">automne<\/a>, <a href=\"https:\/\/www.vogue.fr\/dossier\/paris\" isautogenerated=\"true\" target=\"_blank\" rel=\"noopener\">Paris<\/a> s\u2019affirme une fois de plus comme le c\u0153ur battant du march\u00e9 de l\u2019<a href=\"https:\/\/www.vogue.fr\/dossier\/art\" isautogenerated=\"true\" target=\"_blank\" rel=\"noopener\">art<\/a> international. Dans ses salons de la rue du Faubourg Saint-Honor\u00e9, Sotheby\u2019s pr\u00e9sente les Paris Sales, une <a href=\"https:\/\/www.vogue.fr\/dossier\/serie\" isautogenerated=\"true\" target=\"_blank\" rel=\"noopener\">s\u00e9rie<\/a> de ventes aux ench\u00e8res qui c\u00e9l\u00e8brent la beaut\u00e9 et la modernit\u00e9, du surr\u00e9alisme \u00e0 la cr\u00e9ation contemporaine. Un rendez-vous incontournable pour les collectionneurs, les passionn\u00e9s et les curieux, qui r\u00e9unit les noms les plus d\u00e9sir\u00e9s de la sc\u00e8ne artistique fran\u00e7aise et internationale.<\/p>\n<p><img decoding=\"async\" alt=\"Ench\u00e8res Sotheby's  Tout ce qu'il faut savoir The Paris Sales\" loading=\"lazy\" class=\"ResponsiveImageContainer-eNxvmU cfBbTk responsive-image__image\"   src=\"https:\/\/www.europesays.com\/fr\/wp-content\/uploads\/2025\/10\/069.JPG\"\/><\/p>\n<p>\u00a9 Micha Patault \/ Courtesy Sotheby&rsquo;s<\/p>\n<p>Surrealism and Its Legacy, le r\u00eave continue<\/p>\n<p>Premi\u00e8re \u00e9tape de cette travers\u00e9e artistique, la vente <a data-offer-url=\"https:\/\/www.sothebys.com\/en\/buy\/auction\/2025\/surrealism-and-its-legacy-pf2566?locale=fr&amp;lotFilter=AllLots\" class=\"external-link\" data-event-click=\"{&quot;element&quot;:&quot;ExternalLink&quot;,&quot;outgoingURL&quot;:&quot;https:\/\/www.sothebys.com\/en\/buy\/auction\/2025\/surrealism-and-its-legacy-pf2566?locale=fr&amp;lotFilter=AllLots&quot;}\" href=\"https:\/\/www.sothebys.com\/en\/buy\/auction\/2025\/surrealism-and-its-legacy-pf2566?locale=fr&amp;lotFilter=AllLots\" rel=\"nofollow noopener\" target=\"_blank\">Surrealism and Its Legacy<\/a> rend hommage \u00e0 un mouvement qui n\u2019a jamais cess\u00e9 de fasciner. Ici, l\u2019imaginaire, le myst\u00e8re et le d\u00e9sir se d\u00e9ploient en nuances oniriques, de <strong>Ren\u00e9 Magritte<\/strong> \u00e0 <strong>Paul Delvaux<\/strong>, en passant par les artistes qui ont prolong\u00e9 cet h\u00e9ritage au XXe si\u00e8cle. Parmi les pi\u00e8ces les plus attendues, La magie noire (1934) de <strong>Ren\u00e9 Magritte<\/strong> (chef-d\u2019\u0153uvre d\u2019\u00e9quilibre entre r\u00eave et r\u00e9alit\u00e9) est estim\u00e9e entre 5 et 7 millions d\u2019euros. Cette \u0153uvre, embl\u00e9matique du surr\u00e9alisme belge, traduit la puissance intemporelle d\u2019un mouvement qui, pr\u00e8s d\u2019un si\u00e8cle apr\u00e8s sa naissance, continue d\u2019influencer la cr\u00e9ation contemporaine. Seront \u00e9galement pr\u00e9sent\u00e9 quelques \u0153uvres de <strong>Francis<\/strong> <strong>Picabia<\/strong> et <strong>Pablo Picasso<\/strong>. La vente aura lieu le 24 octobre 2025.<\/p>\n<p>Modernit\u00e9s, la quintessence de l\u2019avant-garde<\/p>\n<p>La vente <a data-offer-url=\"https:\/\/www.sothebys.com\/en\/buy\/auction\/2025\/modernites-pf2516?lotFilter=AllLots\" class=\"external-link\" data-event-click=\"{&quot;element&quot;:&quot;ExternalLink&quot;,&quot;outgoingURL&quot;:&quot;https:\/\/www.sothebys.com\/en\/buy\/auction\/2025\/modernites-pf2516?lotFilter=AllLots&quot;}\" href=\"https:\/\/www.sothebys.com\/en\/buy\/auction\/2025\/modernites-pf2516?lotFilter=AllLots\" rel=\"nofollow noopener\" target=\"_blank\">Modernit\u00e9s<\/a>, qui se tiendra le 24 octobre, r\u00e9unira les grands noms du modernisme europ\u00e9en, parmi lesquels <strong>Amedeo Modigliani, Joan Mir\u00f3, Maurice de Vlaminck<\/strong> et <strong>Wols<\/strong>. Cette session s\u2019annonce comme l\u2019un des temps forts de la saison, attirant l\u2019attention des collectionneurs et des amateurs d\u2019art du monde entier. Parmi les \u0153uvres phares, Sotheby\u2019s pr\u00e9sentera de nombreux <strong>Modigliani<\/strong> dont Elvire en buste (1918), une <a href=\"https:\/\/www.vogue.fr\/dossier\/peinture\" isautogenerated=\"true\" target=\"_blank\" rel=\"noopener\">peinture<\/a> d\u2019une intensit\u00e9 remarquable, estim\u00e9e entre 5,5 et 7,5 millions d\u2019euros, pi\u00e8ce illustre parfaitement le talent de l\u2019artiste \u00e0 travers un portrait \u00e9pur\u00e9. Le Monochrome bleu sans titre (IKB 329) de <strong>Yves Klein<\/strong> sera \u00e9galement mis \u00e0 la vente, estim\u00e9 entre 1,2 et 1,8 millions d&rsquo;euros. Lors de la pr\u00e9c\u00e9dente \u00e9dition, la vente avait atteint un total impressionnant de plus de 39 millions de dollars, t\u00e9moignant de l\u2019engouement croissant pour le modernisme europ\u00e9en. La nouvelle session promet d\u2019\u00eatre tout aussi exceptionnelle, avec une s\u00e9lection soign\u00e9e d\u2019\u0153uvres majeures.<\/p>\n","protected":false},"excerpt":{"rendered":"Cet automne, Paris s\u2019affirme une fois de plus comme le c\u0153ur battant du march\u00e9 de l\u2019art international. Dans&hellip;\n","protected":false},"author":2,"featured_media":486843,"comment_status":"","ping_status":"","sticky":false,"template":"","format":"standard","meta":{"footnotes":""},"categories":[1888],"tags":[1111,1928,11,1927,1777,674,1011,27,12,1926,626,1925,25,25951,721],"class_list":{"0":"post-486842","1":"post","2":"type-post","3":"status-publish","4":"format-standard","5":"has-post-thumbnail","7":"category-paris","8":"tag-actu","9":"tag-actu-paris","10":"tag-actualites","11":"tag-actualites-paris","12":"tag-eu","13":"tag-europe","14":"tag-fr","15":"tag-france","16":"tag-news","17":"tag-news-paris","18":"tag-paris","19":"tag-paris-news","20":"tag-republique-francaise","21":"tag-splitscreenimageleftinset","22":"tag-web"},"share_on_mastodon":{"url":"https:\/\/pubeurope.com\/@fr\/115429360044216769","error":""},"_links":{"self":[{"href":"https:\/\/www.europesays.com\/fr\/wp-json\/wp\/v2\/posts\/486842","targetHints":{"allow":["GET"]}}],"collection":[{"href":"https:\/\/www.europesays.com\/fr\/wp-json\/wp\/v2\/posts"}],"about":[{"href":"https:\/\/www.europesays.com\/fr\/wp-json\/wp\/v2\/types\/post"}],"author":[{"embeddable":true,"href":"https:\/\/www.europesays.com\/fr\/wp-json\/wp\/v2\/users\/2"}],"replies":[{"embeddable":true,"href":"https:\/\/www.europesays.com\/fr\/wp-json\/wp\/v2\/comments?post=486842"}],"version-history":[{"count":0,"href":"https:\/\/www.europesays.com\/fr\/wp-json\/wp\/v2\/posts\/486842\/revisions"}],"wp:featuredmedia":[{"embeddable":true,"href":"https:\/\/www.europesays.com\/fr\/wp-json\/wp\/v2\/media\/486843"}],"wp:attachment":[{"href":"https:\/\/www.europesays.com\/fr\/wp-json\/wp\/v2\/media?parent=486842"}],"wp:term":[{"taxonomy":"category","embeddable":true,"href":"https:\/\/www.europesays.com\/fr\/wp-json\/wp\/v2\/categories?post=486842"},{"taxonomy":"post_tag","embeddable":true,"href":"https:\/\/www.europesays.com\/fr\/wp-json\/wp\/v2\/tags?post=486842"}],"curies":[{"name":"wp","href":"https:\/\/api.w.org\/{rel}","templated":true}]}}