{"id":486851,"date":"2025-10-24T13:27:11","date_gmt":"2025-10-24T13:27:11","guid":{"rendered":"https:\/\/www.europesays.com\/fr\/486851\/"},"modified":"2025-10-24T13:27:11","modified_gmt":"2025-10-24T13:27:11","slug":"aux-etats-unis-linflation-remonte-a-3-sur-un-an-en-septembre","status":"publish","type":"post","link":"https:\/\/www.europesays.com\/fr\/486851\/","title":{"rendered":"Aux \u00c9tats-Unis, l\u2019inflation remonte \u00e0 3% sur un an en septembre"},"content":{"rendered":"<p>\n    Les donn\u00e9es ont \u00e9t\u00e9 publi\u00e9es par le d\u00e9partement du Travail avec plusieurs semaines de retard, en raison de la paralysie budg\u00e9taire qui touche l\u2019\u00c9tat f\u00e9d\u00e9ral.<\/p>\n<p class=\"fig-paragraph\">Les\u00a0<a href=\"http:\/\/www.lefigaro.fr\/flash-eco\/suisse-les-exportations-horlogeres-degringolent-de-55-6-vers-les-etats-unis-en-septembre-20251021\" target=\"_blank\" data-fig-type=\"NewsFlash\" rel=\"noopener nofollow\" data-gtm-custom-categorie=\"navigation\" data-gtm-custom-action=\"crossclick\" data-gtm-custom-label=\"Contextuel\" data-gtm-event=\"customEventSPE\" data-fig-domain=\"LEFIGARO\">droits de douane<\/a>\u00a0en cause\u00a0? L\u2019inflation a continu\u00e9 \u00e0 acc\u00e9l\u00e9rer en septembre aux \u00c9tats-Unis sur un an, \u00e0 d\u00e9sormais 3% contre 2,9% un mois plus t\u00f4t, selon l\u2019indice CPI publi\u00e9 vendredi par le d\u00e9partement du Travail, avec plusieurs semaines de retard en raison de la paralysie budg\u00e9taire qui touche l\u2019\u00c9tat f\u00e9d\u00e9ral. Sur un mois, les prix \u00e0 la consommation ont en revanche l\u00e9g\u00e8rement d\u00e9c\u00e9l\u00e9r\u00e9, \u00e0 0,3%, contre 0,4% au mois d\u2019ao\u00fbt, malgr\u00e9 une hausse des prix de l\u2019\u00e9nergie. Ils viennent ainsi s\u2019\u00e9tablir en de\u00e7\u00e0 des anticipations des analystes, qui s\u2019attendaient \u00e0 0,4% de hausse, selon le consensus publi\u00e9 par briefing.com.<\/p>\n<p class=\"fig-paragraph\">L\u2019inflation dite sous-jacente, c\u2019est-\u00e0-dire excluant les \u00e9l\u00e9ments consid\u00e9r\u00e9s comme volatils que repr\u00e9sentent l\u2019alimentation et l\u2019\u00e9nergie, est \u00e9galement en l\u00e9g\u00e8re d\u00e9c\u00e9l\u00e9ration sur un mois, \u00e0 0,2%, ainsi que sur un an, \u00e0 3% (contre 3,1% un mois plus t\u00f4t). Le d\u00e9partement du Travail devait initialement publier son indice le 15 septembre mais le \u00ab<a href=\"http:\/\/www.lefigaro.fr\/economie\/le-shutdown-oblige-unilever-a-geler-la-scission-de-ses-glaces-magnum-20251021\" target=\"_blank\" data-fig-type=\"Article\" rel=\"noopener nofollow\" data-gtm-custom-categorie=\"navigation\" data-gtm-custom-action=\"crossclick\" data-gtm-custom-label=\"Contextuel\" data-gtm-event=\"customEventSPE\" data-fig-domain=\"LEFIGARO\">shutdown<\/a>\u00bb du gouvernement am\u00e9ricain a entra\u00een\u00e9 un report.<\/p>\n<p>                                    <a class=\"fig-a11y-skip a11y-hidden\" href=\"#fig-a11y-skip-main-inarticle\"><br \/>\n        Passer la publicit\u00e9<br \/>\n    <\/a><\/p>\n<p>Un indicateur attendu par Wall Street<\/p>\n<p class=\"fig-paragraph\">Il s\u2019agit n\u00e9anmoins du seul indicateur macro\u00e9conomique publi\u00e9 par l\u2019\u00c9tat f\u00e9d\u00e9ral depuis le d\u00e9but du mois car il est consid\u00e9r\u00e9 comme essentiel, dans la mesure o\u00f9 les pensions de retraite des Am\u00e9ricains et revaloris\u00e9e sur la base du CPI. Sans surprise, il \u00e9tait particuli\u00e8rement attendu par Wall Street, en mal d\u2019indicateurs depuis le d\u00e9but du mois. \u00abL\u2019inflation reste clairement un sujet d\u2019inqui\u00e9tude en particulier concernant la possible d\u00e9cision de la R\u00e9serve f\u00e9d\u00e9rale (Fed) de r\u00e9duire de nouveau ses taux\u00bb, a d\u00e9clar\u00e9 aupr\u00e8s de l\u2019AFP Adam Sahran, analyste aupr\u00e8s de 50 Park Investment.<\/p>\n<p class=\"fig-paragraph\">Le Comit\u00e9 de politique mon\u00e9taire de la Fed (FOMC) doit en effet se r\u00e9unir mardi et mercredi prochain, les march\u00e9s anticipant une nouvelle baisse de 0,25 point, qui porterait ses taux directeurs dans une fourchette pr\u00e9vue entre 3,75% et 4%, selon l\u2019outil de veille de CME, FedWatch. \u00abSi l\u2019on regarde les prix \u00e0 la consommation actuellement, on s\u2019oriente vers une baisse, avait estim\u00e9 avant la publication de l\u2019indice CPI aupr\u00e8s de l\u2019AFP Tim Urbanowicz, pour Innovator Capital Management. N\u00e9anmoins, nous ne devons pas seulement voir l\u2019inflation se maintenir mais baisser pour que cette baisse des taux soit justifi\u00e9e\u00bb, a-t-il ajout\u00e9.<\/p>\n","protected":false},"excerpt":{"rendered":"Les donn\u00e9es ont \u00e9t\u00e9 publi\u00e9es par le d\u00e9partement du Travail avec plusieurs semaines de retard, en raison de&hellip;\n","protected":false},"author":2,"featured_media":486852,"comment_status":"","ping_status":"","sticky":false,"template":"","format":"standard","meta":{"footnotes":""},"categories":[1589],"tags":[11,73,1866,9345,12,1864,1865,1863,308],"class_list":{"0":"post-486851","1":"post","2":"type-post","3":"status-publish","4":"format-standard","5":"has-post-thumbnail","7":"category-etats-unis","8":"tag-actualites","9":"tag-etats-unis","10":"tag-etats-unis-damerique","11":"tag-inflation","12":"tag-news","13":"tag-united-states","14":"tag-united-states-of-america","15":"tag-us","16":"tag-usa"},"share_on_mastodon":{"url":"https:\/\/pubeurope.com\/@fr\/115429378921919659","error":""},"_links":{"self":[{"href":"https:\/\/www.europesays.com\/fr\/wp-json\/wp\/v2\/posts\/486851","targetHints":{"allow":["GET"]}}],"collection":[{"href":"https:\/\/www.europesays.com\/fr\/wp-json\/wp\/v2\/posts"}],"about":[{"href":"https:\/\/www.europesays.com\/fr\/wp-json\/wp\/v2\/types\/post"}],"author":[{"embeddable":true,"href":"https:\/\/www.europesays.com\/fr\/wp-json\/wp\/v2\/users\/2"}],"replies":[{"embeddable":true,"href":"https:\/\/www.europesays.com\/fr\/wp-json\/wp\/v2\/comments?post=486851"}],"version-history":[{"count":0,"href":"https:\/\/www.europesays.com\/fr\/wp-json\/wp\/v2\/posts\/486851\/revisions"}],"wp:featuredmedia":[{"embeddable":true,"href":"https:\/\/www.europesays.com\/fr\/wp-json\/wp\/v2\/media\/486852"}],"wp:attachment":[{"href":"https:\/\/www.europesays.com\/fr\/wp-json\/wp\/v2\/media?parent=486851"}],"wp:term":[{"taxonomy":"category","embeddable":true,"href":"https:\/\/www.europesays.com\/fr\/wp-json\/wp\/v2\/categories?post=486851"},{"taxonomy":"post_tag","embeddable":true,"href":"https:\/\/www.europesays.com\/fr\/wp-json\/wp\/v2\/tags?post=486851"}],"curies":[{"name":"wp","href":"https:\/\/api.w.org\/{rel}","templated":true}]}}