{"id":486857,"date":"2025-10-24T13:30:14","date_gmt":"2025-10-24T13:30:14","guid":{"rendered":"https:\/\/www.europesays.com\/fr\/486857\/"},"modified":"2025-10-24T13:30:14","modified_gmt":"2025-10-24T13:30:14","slug":"le-turkmenistan-propose-son-gaz-a-leurope-malgre-les-difficultes","status":"publish","type":"post","link":"https:\/\/www.europesays.com\/fr\/486857\/","title":{"rendered":"Le Turkm\u00e9nistan propose son gaz \u00e0 l&rsquo;Europe, malgr\u00e9 les difficult\u00e9s"},"content":{"rendered":"<p class=\"fig-paragraph\">Le Turkm\u00e9nistan, l&rsquo;un des principaux producteurs mondiaux de\u00a0<a href=\"http:\/\/www.lefigaro.fr\/conjoncture\/donald-trump-et-le-qatar-fournisseurs-de-gaz-pressent-l-europe-de-freiner-sur-ses-normes-vertes-20251022\" target=\"_blank\" data-fig-type=\"NewsFlash\" rel=\"noopener nofollow\" data-gtm-custom-categorie=\"navigation\" data-gtm-custom-action=\"crossclick\" data-gtm-custom-label=\"Contextuel\" data-gtm-event=\"customEventSPE\" data-fig-domain=\"LEFIGARO\">gaz<\/a>, a r\u00e9it\u00e9r\u00e9 vendredi sa capacit\u00e9 \u00e0 en fournir \u00e0 l&rsquo;Europe, tout en soulignant les difficult\u00e9s logistiques du projet, n\u00e9cessitant un gazoduc pour relier l&rsquo;Asie centrale \u00e0 l&rsquo;Europe via la mer Caspienne. \u00abNous sommes toujours int\u00e9ress\u00e9s par la diversification des voies d&rsquo;exportation, notamment la route transcaspienne vers l&rsquo;Europe\u00bb, a d\u00e9clar\u00e9 \u00e0 l&rsquo;AFP Maksat Baba\u00efev pr\u00e9sident de l&rsquo;entreprise \u00e9tatique Turkmengaz et ministre du Gaz, en marge d&rsquo;un forum \u00e9nerg\u00e9tique organis\u00e9 \u00e0 Achkhabad, la capitale.<\/p>\n<p class=\"fig-paragraph\">Le Turkm\u00e9nistan dispose, selon les estimations, entre les quatri\u00e8me et cinqui\u00e8me r\u00e9serves mondiales de gaz naturel, qu&rsquo;il exporte quasi exclusivement vers la Chine. Mais ce pays, l&rsquo;un des plus ferm\u00e9s au monde, cherche de nouveaux d\u00e9bouch\u00e9s, tandis que les pays europ\u00e9ens, dont r\u00e9cemment la Hongrie, se montrent int\u00e9ress\u00e9s. \u00abNous sommes pr\u00eats, nous pouvons vendre du gaz \u00e0 la fronti\u00e8re. Le gazoduc est-ouest (traversant le Turkm\u00e9nistan) avec sa capacit\u00e9 annuelle de 30 milliards de m\u00e8tres cubes peut \u00eatre utilis\u00e9 pour fournir l&rsquo;Europe en gaz\u00bb, a indiqu\u00e9 Maksat Baba\u00efev. Mais cela reste insuffisant et le gaz turkm\u00e8ne devrait encore traverser la Caspienne via un gazoduc non construit pour atteindre le Caucase, o\u00f9 il serait exp\u00e9di\u00e9 en Europe via la Turquie.<\/p>\n<p>                                    <a class=\"fig-a11y-skip a11y-hidden\" href=\"#fig-a11y-skip-main-inarticle\"><br \/>\n        Passer la publicit\u00e9<br \/>\n    <\/a><\/p>\n<p>Production en l\u00e9g\u00e8re hausse<\/p>\n<p class=\"fig-paragraph\">Ce projet de gazoduc trancaspien, n\u00e9cessitant d&rsquo;importants financements, a connu un regain d&rsquo;int\u00e9r\u00eat des Europ\u00e9ens, qui cherchent \u00e0 r\u00e9duire leur d\u00e9pendance aux hydrocarbures russes du fait de la guerre en Ukraine et ne peuvent faire transiter le gaz turkm\u00e8ne via la Russie ou l&rsquo;Iran, notamment en raison des sanctions. Le ministre du Gaz turkm\u00e8ne a ainsi soulign\u00e9 vendredi la \u00abquestion ouverte de la d\u00e9limitation de la mer Caspienne\u00bb, toujours probl\u00e9matique, notamment avec l&rsquo;Iran.<\/p>\n<p class=\"fig-paragraph\">Le responsable a \u00e9galement indiqu\u00e9 que la production de gaz en 2025 dans cette ex-r\u00e9publique sovi\u00e9tique serait en l\u00e9g\u00e8re hausse, pour atteindre les 80 milliards de m\u00e8tres cubes en 2025. Turkmengaz a par ailleurs annonc\u00e9 la suspension des livraisons de gaz vers la Turquie via l&rsquo;Iran, commenc\u00e9es en mars dernier, qui doivent reprendre une fois les probl\u00e8mes r\u00e9solus.<\/p>\n","protected":false},"excerpt":{"rendered":"Le Turkm\u00e9nistan, l&rsquo;un des principaux producteurs mondiaux de\u00a0gaz, a r\u00e9it\u00e9r\u00e9 vendredi sa capacit\u00e9 \u00e0 en fournir \u00e0 l&rsquo;Europe,&hellip;\n","protected":false},"author":2,"featured_media":486858,"comment_status":"","ping_status":"","sticky":false,"template":"","format":"standard","meta":{"footnotes":""},"categories":[1586],"tags":[11,1777,674,1011,27,843,12,25,61006],"class_list":{"0":"post-486857","1":"post","2":"type-post","3":"status-publish","4":"format-standard","5":"has-post-thumbnail","7":"category-europe","8":"tag-actualites","9":"tag-eu","10":"tag-europe","11":"tag-fr","12":"tag-france","13":"tag-gaz","14":"tag-news","15":"tag-republique-francaise","16":"tag-turkmenistan"},"share_on_mastodon":{"url":"https:\/\/pubeurope.com\/@fr\/115429390772542319","error":""},"_links":{"self":[{"href":"https:\/\/www.europesays.com\/fr\/wp-json\/wp\/v2\/posts\/486857","targetHints":{"allow":["GET"]}}],"collection":[{"href":"https:\/\/www.europesays.com\/fr\/wp-json\/wp\/v2\/posts"}],"about":[{"href":"https:\/\/www.europesays.com\/fr\/wp-json\/wp\/v2\/types\/post"}],"author":[{"embeddable":true,"href":"https:\/\/www.europesays.com\/fr\/wp-json\/wp\/v2\/users\/2"}],"replies":[{"embeddable":true,"href":"https:\/\/www.europesays.com\/fr\/wp-json\/wp\/v2\/comments?post=486857"}],"version-history":[{"count":0,"href":"https:\/\/www.europesays.com\/fr\/wp-json\/wp\/v2\/posts\/486857\/revisions"}],"wp:featuredmedia":[{"embeddable":true,"href":"https:\/\/www.europesays.com\/fr\/wp-json\/wp\/v2\/media\/486858"}],"wp:attachment":[{"href":"https:\/\/www.europesays.com\/fr\/wp-json\/wp\/v2\/media?parent=486857"}],"wp:term":[{"taxonomy":"category","embeddable":true,"href":"https:\/\/www.europesays.com\/fr\/wp-json\/wp\/v2\/categories?post=486857"},{"taxonomy":"post_tag","embeddable":true,"href":"https:\/\/www.europesays.com\/fr\/wp-json\/wp\/v2\/tags?post=486857"}],"curies":[{"name":"wp","href":"https:\/\/api.w.org\/{rel}","templated":true}]}}