{"id":486859,"date":"2025-10-24T13:31:12","date_gmt":"2025-10-24T13:31:12","guid":{"rendered":"https:\/\/www.europesays.com\/fr\/486859\/"},"modified":"2025-10-24T13:31:12","modified_gmt":"2025-10-24T13:31:12","slug":"lue-estime-que-meta-et-tiktok-manquent-a-leurs-obligations-de-transparence-24-10-2025-a-1520","status":"publish","type":"post","link":"https:\/\/www.europesays.com\/fr\/486859\/","title":{"rendered":"L&rsquo;UE estime que Meta et TikTok manquent \u00e0 leurs obligations de transparence &#8211; 24\/10\/2025 \u00e0 15:20"},"content":{"rendered":"<p>\n ((Traduction automatis\u00e9e par Reuters \u00e0 l&rsquo;aide de l&rsquo;apprentissage<br \/>\nautomatique et de l&rsquo;IA g\u00e9n\u00e9rative, veuillez vous r\u00e9f\u00e9rer \u00e0<br \/>\nl&rsquo;avertissement suivant: https:\/\/bit.ly\/rtrsauto))\n<\/p>\n<p>\n *\n<\/p>\n<p>\n Meta et TikTok n&rsquo;ont pas accord\u00e9 aux chercheurs un acc\u00e8s<br \/>\nad\u00e9quat, selon l&rsquo;UE\n<\/p>\n<p>\n *\n<\/p>\n<p>\n L&rsquo;UE estime qu&rsquo;Instagram et Facebook ne parviennent pas \u00e0<br \/>\ncontr\u00f4ler les publications ill\u00e9gales\n<\/p>\n<p>\n *\n<\/p>\n<p>\n Les entreprises peuvent prendre des mesures pour rem\u00e9dier<br \/>\naux<br \/>\ninfractions, selon la Commission\n<\/p>\n<p>\n (Ajout d&rsquo;une r\u00e9action de TikTok)<br \/>\npar Benoit Van Overstraeten et Alessandro Parodi\n<\/p>\n<p>\n Le g\u00e9ant technologique<br \/>\nam\u00e9ricain Meta<br \/>\n <a href=\"https:\/\/www.boursorama.com\/cours\/META\/\" rel=\"nofollow noopener\" target=\"_blank\"><br \/>\n  META.O<br \/>\n <\/a><br \/>\n et l&rsquo;application de m\u00e9dias sociaux<br \/>\nchinoise TikTok ont manqu\u00e9 \u00e0 leur obligation l\u00e9gale d&rsquo;accorder<br \/>\naux chercheurs un acc\u00e8s ad\u00e9quat aux donn\u00e9es publiques, a d\u00e9clar\u00e9<br \/>\nla Commission europ\u00e9enne dans les conclusions pr\u00e9liminaires<br \/>\nd&rsquo;une enqu\u00eate publi\u00e9es vendredi.\n<\/p>\n<p>\n L&rsquo;Union europ\u00e9enne a pris des mesures r\u00e9pressives \u00e0<br \/>\nl&rsquo;encontre des grandes entreprises technologiques  en<br \/>\nadoptant la loi sur les services num\u00e9riques, qui impose aux<br \/>\ngrandes plateformes telles que les sites de m\u00e9dias sociaux et<br \/>\nles moteurs de recherche de mettre en place des mesures robustes<br \/>\npour limiter la diffusion de contenus ill\u00e9gaux et<br \/>\npr\u00e9judiciables.\n<\/p>\n<p>\n Un porte-parole de Meta a d\u00e9clar\u00e9 \u00e0 Reuters que l&rsquo;entreprise<br \/>\nn&rsquo;\u00e9tait pas d&rsquo;accord avec la suggestion selon laquelle elle<br \/>\naurait enfreint la loi sur les services num\u00e9riques. TikTok,<br \/>\nquant \u00e0 lui, a d\u00e9clar\u00e9 qu&rsquo;il s&rsquo;engageait \u00e0 faire preuve de<br \/>\ntransparence.\n<\/p>\n<p>\n \u00ab\u00a0Permettre aux chercheurs d&rsquo;acc\u00e9der aux donn\u00e9es des<br \/>\nplateformes est une obligation de transparence essentielle dans<br \/>\nle cadre de l&rsquo;ASD, car elle permet un examen public de l&rsquo;impact<br \/>\npotentiel des plateformes sur notre sant\u00e9 physique et mentale \u00ab\u00a0,<br \/>\na d\u00e9clar\u00e9 la Commission dans un communiqu\u00e9.\n<\/p>\n<p>\n La Commission a ajout\u00e9 que Facebook de Meta et Instagram ne<br \/>\nsemblaient pas fournir un m\u00e9canisme convivial et facilement<br \/>\naccessible pour signaler les contenus ill\u00e9gaux, tels que les<br \/>\ncontenus d&rsquo;abus sexuels sur les enfants et les contenus<br \/>\nterroristes.\n<\/p>\n<p>\n \u00a0\u00bb Les conclusions pr\u00e9liminaires de la Commission montrent<br \/>\nque Facebook, Instagram et TikTok pourraient avoir mis en place<br \/>\ndes proc\u00e9dures et des outils contraignants pour que les<br \/>\nchercheurs puissent demander l&rsquo;acc\u00e8s aux donn\u00e9es publiques \u00ab\u00a0, a<br \/>\nd\u00e9clar\u00e9 l&rsquo;ex\u00e9cutif europ\u00e9en.\n<\/p>\n<p>\n Meta dispose actuellement de m\u00e9canismes qui imposent<br \/>\nplusieurs \u00e9tapes inutiles et des demandes suppl\u00e9mentaires aux<br \/>\nutilisateurs et qui utilisent des \u00a0\u00bb conceptions d&rsquo;interface<br \/>\ntrompeuses \u00ab\u00a0, a-t-il d\u00e9clar\u00e9.\n<\/p>\n<p>\n \u00ab\u00a0De telles pratiques peuvent \u00eatre d\u00e9routantes et<br \/>\ndissuasives. Les m\u00e9canismes de Meta permettant de signaler et de<br \/>\nsupprimer les contenus ill\u00e9gaux peuvent donc \u00eatre inefficaces\u00a0\u00bb.\n<\/p>\n<p>\n LES ENTREPRISES PEUVENT REM\u00c9DIER AUX INFRACTIONS, MAIS<br \/>\nRISQUENT DE LOURDES AMENDES\n<\/p>\n<p>\n Les entreprises ont d\u00e9sormais la possibilit\u00e9 d&rsquo;examiner les<br \/>\nconclusions de la Commission et de prendre des mesures pour<br \/>\nrem\u00e9dier aux infractions, a d\u00e9clar\u00e9 la Commission, ajoutant que<br \/>\nles conclusions pr\u00e9liminaires ne pr\u00e9jugeaient pas de l&rsquo;issue<br \/>\nfinale de l&rsquo;enqu\u00eate.\n<\/p>\n<p>\n Le porte-parole de Meta a d\u00e9clar\u00e9 que l&rsquo;entreprise<br \/>\ncontinuerait \u00e0 n\u00e9gocier avec la Commission.\n<\/p>\n<p>\n \u00ab\u00a0Nous avons apport\u00e9 des modifications \u00e0 nos options de<br \/>\nsignalement de contenu, \u00e0 notre proc\u00e9dure d&rsquo;appel et \u00e0 nos<br \/>\noutils d&rsquo;acc\u00e8s aux donn\u00e9es depuis l&rsquo;entr\u00e9e en vigueur de l&rsquo;ASD<br \/>\net nous sommes convaincus que ces solutions correspondent \u00e0 ce<br \/>\nqui est exig\u00e9 par la loi dans l&rsquo;UE\u00a0\u00bb, a-t-il d\u00e9clar\u00e9.\n<\/p>\n<p>\n Un porte-parole de TikTok a d\u00e9clar\u00e9 que l&rsquo;entreprise<br \/>\nexaminait les conclusions.\n<\/p>\n<p>\n \u00ab\u00a0Mais les exigences visant \u00e0 faciliter la protection des<br \/>\ndonn\u00e9es placent l&rsquo;ASD et le GDPR en tension directe\u00a0\u00bb, a d\u00e9clar\u00e9<br \/>\nle porte-parole, faisant r\u00e9f\u00e9rence au r\u00e8glement g\u00e9n\u00e9ral sur la<br \/>\nprotection des donn\u00e9es, le r\u00e8glement de l&rsquo;UE sur la<br \/>\nconfidentialit\u00e9 des informations.\n<\/p>\n<p>\n \u00ab\u00a0S&rsquo;il n&rsquo;est pas possible de se conformer pleinement aux<br \/>\ndeux, nous demandons instamment aux r\u00e9gulateurs de clarifier la<br \/>\nmani\u00e8re dont ces obligations devraient \u00eatre concili\u00e9es\u00a0\u00bb, a<br \/>\najout\u00e9 le porte-parole.\n<\/p>\n<p>\n Si les conclusions de la Commission sont confirm\u00e9es par les<br \/>\nconsultations pertinentes, elle pourrait imposer aux entreprises<br \/>\nune amende pouvant aller jusqu&rsquo;\u00e0 6 % de leur chiffre d&rsquo;affaires<br \/>\nannuel mondial.<\/p>\n","protected":false},"excerpt":{"rendered":"((Traduction automatis\u00e9e par Reuters \u00e0 l&rsquo;aide de l&rsquo;apprentissage automatique et de l&rsquo;IA g\u00e9n\u00e9rative, veuillez vous r\u00e9f\u00e9rer \u00e0 l&rsquo;avertissement&hellip;\n","protected":false},"author":2,"featured_media":9135,"comment_status":"","ping_status":"","sticky":false,"template":"","format":"standard","meta":{"footnotes":""},"categories":[1586],"tags":[400,11,398,408,405,1777,674,1779,1011,27,403,402,399,404,12,25,401,406,1778,364,407],"class_list":{"0":"post-486859","1":"post","2":"type-post","3":"status-publish","4":"format-standard","5":"has-post-thumbnail","7":"category-europe","8":"tag-action-cac-40","9":"tag-actualites","10":"tag-bourse-de-paris","11":"tag-boursorama","12":"tag-cotations","13":"tag-eu","14":"tag-europe","15":"tag-european-union","16":"tag-fr","17":"tag-france","18":"tag-indices-devises","19":"tag-investir","20":"tag-investissement","21":"tag-marche-boursier","22":"tag-news","23":"tag-republique-francaise","24":"tag-sicav","25":"tag-trackers","26":"tag-ue","27":"tag-union-europeenne","28":"tag-warrants"},"share_on_mastodon":{"url":"https:\/\/pubeurope.com\/@fr\/115429394625245274","error":""},"_links":{"self":[{"href":"https:\/\/www.europesays.com\/fr\/wp-json\/wp\/v2\/posts\/486859","targetHints":{"allow":["GET"]}}],"collection":[{"href":"https:\/\/www.europesays.com\/fr\/wp-json\/wp\/v2\/posts"}],"about":[{"href":"https:\/\/www.europesays.com\/fr\/wp-json\/wp\/v2\/types\/post"}],"author":[{"embeddable":true,"href":"https:\/\/www.europesays.com\/fr\/wp-json\/wp\/v2\/users\/2"}],"replies":[{"embeddable":true,"href":"https:\/\/www.europesays.com\/fr\/wp-json\/wp\/v2\/comments?post=486859"}],"version-history":[{"count":0,"href":"https:\/\/www.europesays.com\/fr\/wp-json\/wp\/v2\/posts\/486859\/revisions"}],"wp:featuredmedia":[{"embeddable":true,"href":"https:\/\/www.europesays.com\/fr\/wp-json\/wp\/v2\/media\/9135"}],"wp:attachment":[{"href":"https:\/\/www.europesays.com\/fr\/wp-json\/wp\/v2\/media?parent=486859"}],"wp:term":[{"taxonomy":"category","embeddable":true,"href":"https:\/\/www.europesays.com\/fr\/wp-json\/wp\/v2\/categories?post=486859"},{"taxonomy":"post_tag","embeddable":true,"href":"https:\/\/www.europesays.com\/fr\/wp-json\/wp\/v2\/tags?post=486859"}],"curies":[{"name":"wp","href":"https:\/\/api.w.org\/{rel}","templated":true}]}}