{"id":486864,"date":"2025-10-24T13:34:21","date_gmt":"2025-10-24T13:34:21","guid":{"rendered":"https:\/\/www.europesays.com\/fr\/486864\/"},"modified":"2025-10-24T13:34:21","modified_gmt":"2025-10-24T13:34:21","slug":"france-allemagne-quand-et-ou-suivre-le-match-des-bleues-2","status":"publish","type":"post","link":"https:\/\/www.europesays.com\/fr\/486864\/","title":{"rendered":"France-Allemagne : quand et o\u00f9 suivre le match des Bleues ?"},"content":{"rendered":"<p><img loading=\"lazy\" decoding=\"async\" alt=\"\u00a9 AFP \/ Mustafa Yalcin-Anadolu - L'\u00e9quipe de France f\u00e9minine prend sa revanche ce soir contre l'Allemagne en Ligue des nations.\" data-zoom-src=\"https:\/\/www.europesays.com\/fr\/wp-content\/uploads\/2025\/10\/initial-afp-equipe-de-france-feminine-2.jpg\" data-zoomable=\"\" height=\"702\" src=\"https:\/\/www.europesays.com\/fr\/wp-content\/uploads\/2025\/10\/initial-afp-equipe-de-france-feminine-2.jpg\" width=\"1248\"\/>  <\/p>\n<p class=\"article-desc\">\u00a9 AFP \/ Mustafa Yalcin-Anadolu &#8211; L&rsquo;\u00e9quipe de France f\u00e9minine prend sa revanche ce soir contre l&rsquo;Allemagne en Ligue des nations. <\/p>\n<p>Les Bleues pourront-elles prendre leur revanche contre l&rsquo;Allemagne ce vendredi soir ? Apr\u00e8s une <a href=\"https:\/\/mesinfos.fr\/euro-feminin-france-allemagne-a-quelle-heure-et-sur-quelle-chaine-voir-le-quart-de-finale-226848.html\" rel=\"noopener\" target=\"_blank\">\u00e9limination en quart de finale de l&rsquo;Euro<\/a> aux tirs au but contre cette \u00e9quipe, les Fran\u00e7aises retentent leur chance, ce 24 octobre, en demi-finale de Ligue des nations.\u00a0 <\/p>\n<p>France-Allemagne : \u00e0 suivre en direct depuis la pelouse de D\u00fcsseldorf\u00a0 <\/p>\n<p>Cette fois l&rsquo;\u00e9quipe d&rsquo;Allemagne joue \u00e0 domicile. Le coup d&rsquo;envoi sera donn\u00e9 \u00e0 17h45 ce vendredi soir sur la pelouse du stade de D\u00fcsseldorf.\u00a0 <\/p>\n<p>Le match sera diffus\u00e9 en direct par France T\u00e9l\u00e9visions, \u00e0 la fois sur la cha\u00eene France 4, ainsi que sur leur site france.tv.\u00a0 <\/p>\n<p>Quelle composition pour le match de foot France-Allemagne ?\u00a0 <\/p>\n<p>Place aux jeunes cette fois, puisque parmi les joueuses qui disputeront cette rencontre, plusieurs ont moins de 23 ans.\u00a0<\/p>\n<p data-end=\"170\" data-start=\"0\"><strong data-end=\"59\" data-start=\"9\">La composition officielle des 26 joueuses s\u00e9lectionn\u00e9es<\/strong> par Laurent Bonad\u00e9i pour les demi-finales de la Ligue des Nations f\u00e9minine face \u00e0 l\u2019Allemagne est la suivante :\u00a0 <\/p>\n<p data-end=\"195\" data-start=\"172\"><strong data-end=\"193\" data-start=\"172\">Gardiennes :<\/strong> <\/p>\n<ul data-end=\"261\" data-start=\"196\">\n<li data-end=\"222\" data-start=\"196\">\n<p data-end=\"222\" data-start=\"198\">Pauline Peyraud-Magnin <\/p>\n<\/li>\n<li data-end=\"243\" data-start=\"223\">\n<p data-end=\"243\" data-start=\"225\">Constance Picaud <\/p>\n<\/li>\n<li data-end=\"261\" data-start=\"244\">\n<p data-end=\"261\" data-start=\"246\">Myl\u00e8ne Chavas <\/p>\n<\/li>\n<\/ul>\n<p data-end=\"282\" data-start=\"263\"><strong data-end=\"280\" data-start=\"263\">D\u00e9fense :<\/strong> <\/p>\n<ul data-end=\"436\" data-start=\"283\">\n<li data-end=\"303\" data-start=\"283\">\n<p data-end=\"303\" data-start=\"285\">Elisa De Almeida <\/p>\n<\/li>\n<li data-end=\"319\" data-start=\"304\">\n<p data-end=\"319\" data-start=\"306\">Selma Bacha <\/p>\n<\/li>\n<li data-end=\"336\" data-start=\"320\">\n<p data-end=\"336\" data-start=\"322\">Eve P\u00e9risset <\/p>\n<\/li>\n<li data-end=\"357\" data-start=\"337\">\n<p data-end=\"357\" data-start=\"339\">Sakina Karchaoui <\/p>\n<\/li>\n<li data-end=\"375\" data-start=\"358\">\n<p data-end=\"375\" data-start=\"360\">Wendie Renard <\/p>\n<\/li>\n<li data-end=\"393\" data-start=\"376\">\n<p data-end=\"393\" data-start=\"378\">Ma\u00eblle Lakrar <\/p>\n<\/li>\n<li data-end=\"415\" data-start=\"394\">\n<p data-end=\"415\" data-start=\"396\">A\u00efssatou Tounkara <\/p>\n<\/li>\n<li data-end=\"436\" data-start=\"416\">\n<p data-end=\"436\" data-start=\"418\">Wassa Sangar\u00e9\u00a0 <\/p>\n<\/li>\n<\/ul>\n<p data-end=\"464\" data-start=\"438\"><strong data-end=\"462\" data-start=\"438\">Milieux :<\/strong> <\/p>\n<ul data-end=\"577\" data-start=\"465\">\n<li data-end=\"481\" data-start=\"465\">\n<p data-end=\"481\" data-start=\"467\">Grace Geyoro <\/p>\n<\/li>\n<li data-end=\"500\" data-start=\"482\">\n<p data-end=\"500\" data-start=\"484\">Sandie Toletti <\/p>\n<\/li>\n<li data-end=\"515\" data-start=\"501\">\n<p data-end=\"515\" data-start=\"503\">Kenza Dali <\/p>\n<\/li>\n<li data-end=\"534\" data-start=\"516\">\n<p data-end=\"534\" data-start=\"518\">Kysha Sylla\u00a0 <\/p>\n<\/li>\n<li data-end=\"559\" data-start=\"535\">\n<p data-end=\"559\" data-start=\"537\">Oriane Jean-Fran\u00e7ois <\/p>\n<\/li>\n<li data-end=\"577\" data-start=\"560\">\n<p data-end=\"577\" data-start=\"562\">Laurina Fazer <\/p>\n<\/li>\n<\/ul>\n<p data-end=\"598\" data-start=\"579\"><strong data-end=\"596\" data-start=\"579\">Attaque :<\/strong> <\/p>\n<ul data-end=\"778\" data-start=\"599\">\n<li data-end=\"619\" data-start=\"599\">\n<p data-end=\"619\" data-start=\"601\">Kadidiatou Diani <\/p>\n<\/li>\n<li data-end=\"641\" data-start=\"620\">\n<p data-end=\"641\" data-start=\"622\">Eug\u00e9nie Le Sommer <\/p>\n<\/li>\n<li data-end=\"669\" data-start=\"642\">\n<p data-end=\"669\" data-start=\"644\">Marie-Antoinette Katoto <\/p>\n<\/li>\n<li data-end=\"692\" data-start=\"670\">\n<p data-end=\"692\" data-start=\"672\">Delphine Cascarino <\/p>\n<\/li>\n<li data-end=\"708\" data-start=\"693\">\n<p data-end=\"708\" data-start=\"695\">Clara Mat\u00e9o <\/p>\n<\/li>\n<li data-end=\"724\" data-start=\"709\">\n<p data-end=\"724\" data-start=\"711\">Vicki Becho <\/p>\n<\/li>\n<li data-end=\"742\" data-start=\"725\">\n<p data-end=\"742\" data-start=\"727\">Naomie Feller <\/p>\n<\/li>\n<li data-end=\"761\" data-start=\"743\">\n<p data-end=\"761\" data-start=\"745\">Melvine Malard <\/p>\n<\/li>\n<li data-end=\"778\" data-start=\"762\">\n<p data-end=\"778\" data-start=\"764\">Julie Dufour <\/p>\n<\/li>\n<\/ul>\n<blockquote class=\"twitter-tweet\" data-uniformized=\"true\">\n<p dir=\"ltr\" lang=\"fr\">\ud835\udc0b\ud835\udc1a \ud835\udc25\ud835\udc22\ud835\udc2c\ud835\udc2d\ud835\udc1e \ud835\udc1d\ud835\udc1e\ud835\udc2c \ud835\udc01\ud835\udc25\ud835\udc1e\ud835\udc2e\ud835\udc1e\ud835\udc2c \ud83d\udccb\ud83c\uddeb\ud83c\uddf7<\/p>\n<p>Les 2\ufe0f\u20e36\ufe0f\u20e3 joueuses s\u00e9lectionn\u00e9es par <a href=\"https:\/\/twitter.com\/LaurentBonadei?ref_src=twsrc%5Etfw\" target=\"_blank\" rel=\"noopener\">@LaurentBonadei<\/a> pour les demi-finales de \ud835\udc73\ud835\udc8a\ud835\udc88\ud835\udc96\ud835\udc86 \ud835\udc85\ud835\udc86\ud835\udc94 \ud835\udc75\ud835\udc82\ud835\udc95\ud835\udc8a\ud835\udc90\ud835\udc8f\ud835\udc94 face \u00e0 l\u2019Allemagne \ud83c\udde9\ud83c\uddea<br \/>Premi\u00e8re convocation pour Kysha Sylla et Wassa Sangar\u00e9 \ud83c\udd95 <a href=\"https:\/\/t.co\/1lj2oYt1kx\">pic.twitter.com\/1lj2oYt1kx<\/a><\/p>\n<p> \u2014 Equipe de France F\u00e9minine (@equipedefranceF) <a href=\"https:\/\/twitter.com\/equipedefranceF\/status\/1978793530861518861?ref_src=twsrc%5Etfw\" target=\"_blank\" rel=\"noopener\">October 16, 2025<\/a><\/p><\/blockquote>\n<p>Un rang devant la France, l&rsquo;Allemagne, cinqui\u00e8me nation au classement FIFA bat souvent\u00a0la France pendant les comp\u00e9titions internationales. Mais les Fran\u00e7aises ne sont pas en reste. L&rsquo;an dernier, les Bleues sont parvenues en finale de la Ligue des nations.\u00a0<\/p>\n<p><script async src=\"https:\/\/platform.twitter.com\/widgets.js\" charset=\"utf-8\"><\/script><\/p>\n","protected":false},"excerpt":{"rendered":"\u00a9 AFP \/ Mustafa Yalcin-Anadolu &#8211; L&rsquo;\u00e9quipe de France f\u00e9minine prend sa revanche ce soir contre l&rsquo;Allemagne en&hellip;\n","protected":false},"author":2,"featured_media":486856,"comment_status":"","ping_status":"","sticky":false,"template":"","format":"standard","meta":{"footnotes":""},"categories":[4],"tags":[11,32814,1011,27,23733,12,25],"class_list":{"0":"post-486864","1":"post","2":"type-post","3":"status-publish","4":"format-standard","5":"has-post-thumbnail","7":"category-france","8":"tag-actualites","9":"tag-football-fu00e9minin","10":"tag-fr","11":"tag-france","12":"tag-ligue-des-nations","13":"tag-news","14":"tag-republique-francaise"},"share_on_mastodon":{"url":"https:\/\/pubeurope.com\/@fr\/115429407461392830","error":""},"_links":{"self":[{"href":"https:\/\/www.europesays.com\/fr\/wp-json\/wp\/v2\/posts\/486864","targetHints":{"allow":["GET"]}}],"collection":[{"href":"https:\/\/www.europesays.com\/fr\/wp-json\/wp\/v2\/posts"}],"about":[{"href":"https:\/\/www.europesays.com\/fr\/wp-json\/wp\/v2\/types\/post"}],"author":[{"embeddable":true,"href":"https:\/\/www.europesays.com\/fr\/wp-json\/wp\/v2\/users\/2"}],"replies":[{"embeddable":true,"href":"https:\/\/www.europesays.com\/fr\/wp-json\/wp\/v2\/comments?post=486864"}],"version-history":[{"count":0,"href":"https:\/\/www.europesays.com\/fr\/wp-json\/wp\/v2\/posts\/486864\/revisions"}],"wp:featuredmedia":[{"embeddable":true,"href":"https:\/\/www.europesays.com\/fr\/wp-json\/wp\/v2\/media\/486856"}],"wp:attachment":[{"href":"https:\/\/www.europesays.com\/fr\/wp-json\/wp\/v2\/media?parent=486864"}],"wp:term":[{"taxonomy":"category","embeddable":true,"href":"https:\/\/www.europesays.com\/fr\/wp-json\/wp\/v2\/categories?post=486864"},{"taxonomy":"post_tag","embeddable":true,"href":"https:\/\/www.europesays.com\/fr\/wp-json\/wp\/v2\/tags?post=486864"}],"curies":[{"name":"wp","href":"https:\/\/api.w.org\/{rel}","templated":true}]}}