{"id":486869,"date":"2025-10-24T13:38:37","date_gmt":"2025-10-24T13:38:37","guid":{"rendered":"https:\/\/www.europesays.com\/fr\/486869\/"},"modified":"2025-10-24T13:38:37","modified_gmt":"2025-10-24T13:38:37","slug":"fognini-reagit-au-refus-de-sinner-pour-la-coupe-davis","status":"publish","type":"post","link":"https:\/\/www.europesays.com\/fr\/486869\/","title":{"rendered":"Fognini r\u00e9agit au refus de Sinner pour la Coupe Davis"},"content":{"rendered":"<p>                <img decoding=\"async\" src=\"https:\/\/www.europesays.com\/fr\/wp-content\/uploads\/2025\/10\/F8LP.jpg\" fetchpriority=\"high\" alt=\"Fognini r\u00e9agit au refus de Sinner pour la Coupe Davis\"\/><\/p>\n<p><strong>La d\u00e9cision de Jannik Sinner de ne pas participer \u00e0 la Coupe Davis 2025 continue de faire couler beaucoup d\u2019encre.<\/strong><\/p>\n<p>Le num\u00e9ro 2 mondial a choisi de faire l\u2019impasse sur les phases finales de la Coupe Davis en novembre afin de se concentrer sur sa pr\u00e9paration pour la saison 2026. Un choix qui, en Italie, a provoqu\u00e9 l\u2019incompr\u00e9hension d\u2019un certain nombre de fans et observateurs.<\/p>\n<p>Et cette fois, c\u2019est au tour de Fabio Fognini de s\u2019inviter dans le d\u00e9bat. L\u2019ancien champion italien, d\u00e9sormais retrait\u00e9, s\u2019est exprim\u00e9 sur son compte Instagram.<\/p>\n<p>\u00ab Je pense que c\u2019est plus que compr\u00e9hensible !! En tant que joueur, je comprends sa d\u00e9cision de terminer 2025 de la meilleure fa\u00e7on possible et de se pr\u00e9parer pour les vrais objectifs qu\u2019il a en 2026. Il a 24 ans et aura certainement encore 100 fois l\u2019occasion de porter haut le drapeau de notre pays. \u00bb<\/p>\n","protected":false},"excerpt":{"rendered":"La d\u00e9cision de Jannik Sinner de ne pas participer \u00e0 la Coupe Davis 2025 continue de faire couler&hellip;\n","protected":false},"author":2,"featured_media":486870,"comment_status":"","ping_status":"","sticky":false,"template":"","format":"standard","meta":{"footnotes":""},"categories":[1415],"tags":[1011,27,60,1467],"class_list":{"0":"post-486869","1":"post","2":"type-post","3":"status-publish","4":"format-standard","5":"has-post-thumbnail","7":"category-tennis","8":"tag-fr","9":"tag-france","10":"tag-sports","11":"tag-tennis"},"share_on_mastodon":{"url":"https:\/\/pubeurope.com\/@fr\/115429422668043634","error":""},"_links":{"self":[{"href":"https:\/\/www.europesays.com\/fr\/wp-json\/wp\/v2\/posts\/486869","targetHints":{"allow":["GET"]}}],"collection":[{"href":"https:\/\/www.europesays.com\/fr\/wp-json\/wp\/v2\/posts"}],"about":[{"href":"https:\/\/www.europesays.com\/fr\/wp-json\/wp\/v2\/types\/post"}],"author":[{"embeddable":true,"href":"https:\/\/www.europesays.com\/fr\/wp-json\/wp\/v2\/users\/2"}],"replies":[{"embeddable":true,"href":"https:\/\/www.europesays.com\/fr\/wp-json\/wp\/v2\/comments?post=486869"}],"version-history":[{"count":0,"href":"https:\/\/www.europesays.com\/fr\/wp-json\/wp\/v2\/posts\/486869\/revisions"}],"wp:featuredmedia":[{"embeddable":true,"href":"https:\/\/www.europesays.com\/fr\/wp-json\/wp\/v2\/media\/486870"}],"wp:attachment":[{"href":"https:\/\/www.europesays.com\/fr\/wp-json\/wp\/v2\/media?parent=486869"}],"wp:term":[{"taxonomy":"category","embeddable":true,"href":"https:\/\/www.europesays.com\/fr\/wp-json\/wp\/v2\/categories?post=486869"},{"taxonomy":"post_tag","embeddable":true,"href":"https:\/\/www.europesays.com\/fr\/wp-json\/wp\/v2\/tags?post=486869"}],"curies":[{"name":"wp","href":"https:\/\/api.w.org\/{rel}","templated":true}]}}