{"id":486875,"date":"2025-10-24T13:42:15","date_gmt":"2025-10-24T13:42:15","guid":{"rendered":"https:\/\/www.europesays.com\/fr\/486875\/"},"modified":"2025-10-24T13:42:15","modified_gmt":"2025-10-24T13:42:15","slug":"craindre-verstappen-ne-maidera-pas-a-gagner-le-titre","status":"publish","type":"post","link":"https:\/\/www.europesays.com\/fr\/486875\/","title":{"rendered":"Craindre Verstappen ne m&rsquo;aidera pas \u00e0 gagner le titre"},"content":{"rendered":"<p>En d\u00e9pit du retour spectaculaire de <a href=\"https:\/\/fr.motorsport.com\/driver\/max-verstappen\/93029\/\" target=\"_blank\" rel=\"noopener\">Max Verstappen<\/a>, <a href=\"https:\/\/fr.motorsport.com\/driver\/oscar-piastri\/835356\/\" target=\"_blank\" rel=\"noopener\">Oscar Piastri<\/a> affirme qu&rsquo;il ne changera pas d&rsquo;approche dans la course \u00e0 son premier titre mondial.\u00a0<\/p>\n<p>Alors qu&rsquo;il comptait encore 104 points d&rsquo;avance sur le N\u00e9erlandais apr\u00e8s Zandvoort, le pilote <a href=\"https:\/\/fr.motorsport.com\/team\/mclaren\/609\/\" target=\"_blank\" rel=\"noopener\">McLaren<\/a> a vu cet \u00e9cart se r\u00e9duire \u00e0 40 unit\u00e9s lors des quatre \u00e9preuves suivantes. Il faut dire que le retour en forme de <a href=\"https:\/\/fr.motorsport.com\/team\/red-bull\/553\/\" target=\"_blank\" rel=\"noopener\">Red Bull<\/a> co\u00efncide avec le pire passage de Piastri cette saison, marqu\u00e9 par trois courses sans podium &#8211; une premi\u00e8re pour lui cette ann\u00e9e &#8211; et trois accidents, dont deux lui ont directement co\u00fbt\u00e9 une chance d&rsquo;inscrire des points, au d\u00e9part de la course \u00e0 Bakou et du sprint \u00e0 Austin.<\/p>\n<p>Interrog\u00e9 en conf\u00e9rence de presse sur la vitesse \u00e0 laquelle Verstappen avait fondu sur lui ces derni\u00e8res semaines, Piastri a lanc\u00e9\u00a0:\u00a0\u00ab\u00a0La forme affich\u00e9e par [Verstappen] depuis Monza est quelque peu surprenante.\u00a0Encore une fois, on avait d\u00e9j\u00e0 pu voir des fulgurances de ce genre \u00e0 certains moments en d\u00e9but de saison, mais il y avait aussi eu des creux assez importants. Donc, le fait qu&rsquo;il soit d\u00e9sormais constant est, je pense, quelque peu surprenant.\u00a0\u00bb<\/p>\n<p>Lire aussi :<\/p>\n<p>\u00ab\u00a0Nous savons qu&rsquo;ils ont continu\u00e9 \u00e0 apporter beaucoup de modifications \u00e0 leur voiture pour l&rsquo;am\u00e9liorer, donc d&rsquo;une certaine mani\u00e8re, ce n&rsquo;est pas une \u00e9norme surprise. Mais il se retrouve dans la bagarre plus rapidement que je ne l&rsquo;avais pr\u00e9vu.\u00a0\u00bb<\/p>\n<p>Au-del\u00e0 de Verstappen, <a href=\"https:\/\/fr.motorsport.com\/driver\/lando-norris\/289708\/\" target=\"_blank\" rel=\"noopener\">Lando Norris<\/a> est lui-m\u00eame sur une meilleure forme que l&rsquo;Australien et ne compte plus que 14 unit\u00e9s de retard sur son \u00e9quipier. Quand il a \u00e9t\u00e9 demand\u00e9 \u00e0 Piastri si le rapproch\u00e9 de ses deux rivaux allait d\u00e9sormais lui faire changer d&rsquo;approche, il a r\u00e9pondu : \u00ab\u00a0Pour \u00eatre honn\u00eate, non.\u00a0\u00bb<\/p>\n<p>\u00ab\u00a0\u00c9videmment, l&rsquo;\u00e9cart s&rsquo;est quelque peu r\u00e9duit lors des derni\u00e8res courses, mais pour moi, l&rsquo;important a toujours \u00e9t\u00e9 d&rsquo;essayer d&rsquo;aller aussi vite que possible et de tirer le meilleur parti de chaque week-end, ce qui a \u00e9t\u00e9 le cas sur certains week-ends, mais pas sur d&rsquo;autres.\u00a0C&rsquo;est vraiment tout ce qui m&rsquo;importe et, vous savez, je pense que si je fais suffisamment bien mon travail pour \u00eatre au top chaque week-end, alors peu importe \u00e0 quoi ressemble la situation globale.\u00a0\u00bb<\/p>\n<p>Leader du championnat depuis 15 Grands Prix<br \/>\n   <img decoding=\"async\" draggable=\"false\" src=\"https:\/\/www.europesays.com\/fr\/wp-content\/uploads\/2025\/10\/1761313335_62_oscar-piastri-mclaren.jpg\" alt=\"Oscar Piastri (McLaren)\" width=\"1200\" height=\"800\" loading=\"lazy\"\/> <\/p>\n<p class=\"title\">Oscar Piastri (McLaren)<\/p>\n<p class=\"photographer\">Photo de: Steven Tee \/ LAT Images via Getty Images<\/p>\n<p>Press\u00e9 par les journalistes de s&rsquo;exprimer sur la r\u00e9duction de son avance sur Verstappen, Piastri a r\u00e9pondu : \u00ab\u00a0Ce n&rsquo;est pas vraiment quelque chose qui me pr\u00e9occupe, non. Je pense qu&rsquo;il a \u00e9t\u00e9 tr\u00e8s r\u00e9gulier ces derniers week-ends et qu&rsquo;il a \u00e9galement \u00e9t\u00e9 performant, c&rsquo;est ind\u00e9niable. Pour moi, il n&rsquo;y a aucun int\u00e9r\u00eat \u00e0 m&rsquo;inqui\u00e9ter ou \u00e0 me concentrer l\u00e0-dessus.\u00a0\u00bb<\/p>\n<p>\u00ab\u00a0Ce qui va m&rsquo;aider \u00e0 remporter ce championnat, c&rsquo;est d&rsquo;essayer de tirer le meilleur de moi-m\u00eame, le meilleur de la voiture, le meilleur de l&rsquo;\u00e9quipe qui m&rsquo;entoure. Me pr\u00e9occuper de n&rsquo;importe qui d&rsquo;autre sur la grille, ce n&rsquo;est pas se concentrer l\u00e0-dessus. Il est l\u00e0, il est en lice, mais en fin de compte, cela ne change rien \u00e0 la fa\u00e7on dont je vais aborder la course.\u00a0\u00bb<\/p>\n<p>Au-del\u00e0 de la dynamique favorable \u00e0 Verstappen, Piastri m\u00e8ne le championnat depuis 15 Grands Prix, la s\u00e9rie la plus longue pour un pilote non champion dans l&rsquo;histoire de la F1. Une position qui lui sied \u00e0 ravir : \u00ab\u00a0Tout le monde aime les histoires d&rsquo;outsiders. Essayer de revenir est parfois un peu plus facile, mais je pr\u00e9f\u00e8re \u00eatre en t\u00eate du championnat plut\u00f4t que dans n&rsquo;importe quelle autre position. J&rsquo;ai toujours dit que j&rsquo;appr\u00e9ciais \u00e7a, car \u00e7a signifie g\u00e9n\u00e9ralement que vous faites quelque chose de bien.\u00a0\u00bb<\/p>\n<p style=\"text-align: right;\">Avec\u00a0Benjamin Vinel<\/p>\n<p>Lire aussi :<\/p>\n<p>            Votre avis nous int\u00e9resse !<\/p>\n<p class=\"mt-auto\">Qu&rsquo;aimeriez-vous voir sur Motorsport.com ?<\/p>\n<p>            <a href=\"#\" class=\"ms-link text-link font-bold\">R\u00e9pondez \u00e0 notre enqu\u00eate en 5 minutes.<\/a><\/p>\n<p class=\"mt-1 text-body\">&#8211; L&rsquo;\u00e9quipe Motorsport.com<\/p>\n","protected":false},"excerpt":{"rendered":"En d\u00e9pit du retour spectaculaire de Max Verstappen, Oscar Piastri affirme qu&rsquo;il ne changera pas d&rsquo;approche dans la&hellip;\n","protected":false},"author":2,"featured_media":486876,"comment_status":"","ping_status":"","sticky":false,"template":"","format":"standard","meta":{"footnotes":""},"categories":[1412],"tags":[60443,1451,1452,1453,1454,1455,1011,27,60849,2236,4475,2241,61007,2255,60],"class_list":{"0":"post-486875","1":"post","2":"type-post","3":"status-publish","4":"format-standard","5":"has-post-thumbnail","7":"category-f1","8":"tag-autodromo-hermanos-rodriguez","9":"tag-f1","10":"tag-formula-1","11":"tag-formula1","12":"tag-formule-1","13":"tag-formule1","14":"tag-fr","15":"tag-france","16":"tag-gp-de-mexico","17":"tag-max-verstappen","18":"tag-mclaren","19":"tag-oscar-piastri","20":"tag-piastriu00a0-craindre-verstappen-ne-maidera-pas-u00e0-gagner-le-titre","21":"tag-red-bull","22":"tag-sports"},"share_on_mastodon":{"url":"https:\/\/pubeurope.com\/@fr\/115429438121210562","error":""},"_links":{"self":[{"href":"https:\/\/www.europesays.com\/fr\/wp-json\/wp\/v2\/posts\/486875","targetHints":{"allow":["GET"]}}],"collection":[{"href":"https:\/\/www.europesays.com\/fr\/wp-json\/wp\/v2\/posts"}],"about":[{"href":"https:\/\/www.europesays.com\/fr\/wp-json\/wp\/v2\/types\/post"}],"author":[{"embeddable":true,"href":"https:\/\/www.europesays.com\/fr\/wp-json\/wp\/v2\/users\/2"}],"replies":[{"embeddable":true,"href":"https:\/\/www.europesays.com\/fr\/wp-json\/wp\/v2\/comments?post=486875"}],"version-history":[{"count":0,"href":"https:\/\/www.europesays.com\/fr\/wp-json\/wp\/v2\/posts\/486875\/revisions"}],"wp:featuredmedia":[{"embeddable":true,"href":"https:\/\/www.europesays.com\/fr\/wp-json\/wp\/v2\/media\/486876"}],"wp:attachment":[{"href":"https:\/\/www.europesays.com\/fr\/wp-json\/wp\/v2\/media?parent=486875"}],"wp:term":[{"taxonomy":"category","embeddable":true,"href":"https:\/\/www.europesays.com\/fr\/wp-json\/wp\/v2\/categories?post=486875"},{"taxonomy":"post_tag","embeddable":true,"href":"https:\/\/www.europesays.com\/fr\/wp-json\/wp\/v2\/tags?post=486875"}],"curies":[{"name":"wp","href":"https:\/\/api.w.org\/{rel}","templated":true}]}}