{"id":486879,"date":"2025-10-24T13:45:11","date_gmt":"2025-10-24T13:45:11","guid":{"rendered":"https:\/\/www.europesays.com\/fr\/486879\/"},"modified":"2025-10-24T13:45:11","modified_gmt":"2025-10-24T13:45:11","slug":"sting-les-mains-liees-pourquoi-le-chanteur-na-pas-les-moyens-de-prendre-sa-retraite","status":"publish","type":"post","link":"https:\/\/www.europesays.com\/fr\/486879\/","title":{"rendered":"Sting les mains li\u00e9es : pourquoi le chanteur n\u2019a pas les moyens de prendre sa retraite"},"content":{"rendered":"<p>Chanteur embl\u00e9matique, Sting n\u00a0\u00bbentend pas raccrocher les<br \/>\nguitares de sit\u00f4t et pas seulement par amour de la musique. Figure<br \/>\ninternationale de la pop-rock depuis son passage \u00e0 <a href=\"https:\/\/www.closermag.fr\/people\/sting-furieux-ils-auraient-du-se-le-chanteur-pas-tendre-avec-ses-ex-comperes-de-the-police-3587041\" target=\"_blank\" rel=\"noopener\"><br \/>\nThe Police<\/a>, l&rsquo;artiste, qui ne veut pas <a href=\"https:\/\/www.closermag.fr\/people\/ca-ne-leur-rendrait-pas-service-sting-refuse-de-leguer-sa-fortune-a-ses-six-enfants-3587925\" target=\"_blank\" rel=\"noopener\"><br \/>\nl\u00e9guer sa fortune \u00e0 ses enfants,<\/a> continue d\u2019encha\u00eener les<br \/>\ntourn\u00e9es et les projets ; mais derri\u00e8re la fa\u00e7ade du succ\u00e8s, des<br \/>\nobligations financi\u00e8res importantes expliquent pourquoi <strong>la<br \/>\nretraite n\u2019est pas \u00e0 l\u2019ordre du jour.<\/strong><\/p>\n<p>Interrog\u00e9 par <a href=\"https:\/\/www.parismatch.com\/People\/sting-je-ne-peux-pas-me-permettre-de-prendre-ma-retraite-258306\" target=\"_blank\" rel=\"nofollow noopener\">Paris Match<\/a>,<br \/>\nSting \u00e9voque sans d\u00e9tour les r\u00e9alit\u00e9s qui p\u00e8sent sur sa d\u00e9cision :<br \/>\n\u201cJe ne peux pas me permettre de prendre ma retraite, <strong>il<br \/>\ny a trop de gens qui d\u00e9pendent de moi<\/strong> financi\u00e8rement. Je<br \/>\nsuis fier d\u2019\u00eatre devenu un patriarche, de pouvoir envoyer mes<br \/>\npetits-enfants dans de bonnes \u00e9coles gr\u00e2ce aux chansons que<br \/>\nj\u2019\u00e9cris, aux concerts que je donne\u201d.\u00a0<\/p>\n<p>Sting se confie sur la fin de sa carri\u00e8re<\/p>\n<p>Ces mots r\u00e9sument bien la position d\u2019un artiste qui, au-del\u00e0 de<br \/>\nsa carri\u00e8re, assume des responsabilit\u00e9s familiales et<br \/>\nprofessionnelles, salari\u00e9s, \u00e9quipes techniques, maisons de<br \/>\nproduction, qui rendent toute pause prolong\u00e9e compliqu\u00e9e. Sur le<br \/>\nplan judiciaire et commercial, la situation est \u00e9galement<br \/>\ntendue.<\/p>\n<p>Depuis le d\u00e9but de l\u2019ann\u00e9e, ses <a href=\"https:\/\/www.closermag.fr\/people\/sting-assigne-en-justice-par-les-anciens-membres-du-groupe-police-sa-reputation-en-prend-un-coup-3573109\" target=\"_blank\" rel=\"noopener\"><br \/>\nanciens complices de The Police<\/a>, Stewart Copeland et Andy<br \/>\nSummers, lui r\u00e9clament des royalties pour Every Breath You<br \/>\nTake, le tube plan\u00e9taire du groupe. Sting se contente de<br \/>\n\u201cNo comment,\u201d tout en se montrant surpris par le timing<br \/>\ndes revendications, quarante-deux ans apr\u00e8s l\u2019enregistrement du<br \/>\nmorceau, d\u2019autant que l\u2019album Synchronicity a connu de<br \/>\nnombreuses r\u00e9\u00e9ditions, la plus r\u00e9cente en juillet 2024.<\/p>\n<p>Le chanteur en conflit avec ses anciens<br \/>\nacolytes<\/p>\n<p>Les avocats des deux camps travaillent n\u00e9anmoins \u00e0 un r\u00e8glement<br \/>\nn\u00e9goci\u00e9 <strong>\u201cen vue d\u2019une sortie par le<br \/>\nhaut\u201d<\/strong>, tandis que le titre demeure au programme des<br \/>\nconcerts. Artiste cosmopolite, <a href=\"https:\/\/www.closermag.fr\/people\/sting-a-quoi-ressemble-son-magnifique-domaine-de-toscane-renove-pendant-plus-de-dix-ans-3564709\" target=\"_blank\" rel=\"noopener\"><br \/>\nSting<\/a> partage son temps entre l\u2019Europe et New York, o\u00f9 il<br \/>\nr\u00e9side r\u00e9guli\u00e8rement depuis pr\u00e8s de quarante ans. Ce choix de vie<br \/>\nnourrit aussi ses r\u00e9flexions politiques et sociales.<\/p>\n<p><a href=\"https:\/\/www.closermag.fr\/people\/sting-cette-immense-star-francaise-avec-laquelle-il-aurait-reve-de-chanter-1448067\" target=\"_blank\" rel=\"noopener\"><br \/>\nLe chanteur<\/a> confie s\u2019inqui\u00e9ter de l\u2019\u00e9volution des \u00c9tats-Unis et<br \/>\ncritique le gouvernement britannique sur la question du Brexit.<br \/>\n\u201c\u00c7a n\u2019a plus beaucoup de sens pour moi, estime celui qui r\u00e9side<br \/>\nr\u00e9guli\u00e8rement \u00e0 New York depuis pr\u00e8s de quarante ans. Depuis le<br \/>\nBrexit, je me sens bien plus europ\u00e9en, je suis de toute fa\u00e7on tr\u00e8s<br \/>\nrarement longtemps dans une m\u00eame ville. Mais je suis de plus en<br \/>\nplus inquiet pour les \u00c9tats-Unis, qui deviennent un \u00c9tat policier,<br \/>\nproche du fascisme. Jamais je n\u2019aurais imagin\u00e9 une telle situation<br \/>\nen Am\u00e9rique\u201d. Il pousse le trait jusqu\u2019\u00e0 un constat s\u00e9v\u00e8re sur<br \/>\nla sc\u00e8ne politique britannique : \u201cIl avait un mandat clair pour<br \/>\ncela, me semble-t-il. C\u2019est une absolue n\u00e9cessit\u00e9 de faire marche<br \/>\narri\u00e8re, d\u2019au moins r\u00e9int\u00e9grer l\u2019union douani\u00e8re. <strong>Le Brexit<br \/>\nnous appauvrit dans tous les secteurs.<\/strong> Ceux qui en sont<br \/>\nles instigateurs devraient \u00eatre incarc\u00e9r\u00e9s \u00e0 la Tour de Londres<br \/>\n!\u201d.\u00a0<\/p>\n","protected":false},"excerpt":{"rendered":"Chanteur embl\u00e9matique, Sting n\u00a0\u00bbentend pas raccrocher les guitares de sit\u00f4t et pas seulement par amour de la musique.&hellip;\n","protected":false},"author":2,"featured_media":486880,"comment_status":"","ping_status":"","sticky":false,"template":"","format":"standard","meta":{"footnotes":""},"categories":[1359],"tags":[58,59,1011,27,973,27847],"class_list":{"0":"post-486879","1":"post","2":"type-post","3":"status-publish","4":"format-standard","5":"has-post-thumbnail","7":"category-people","8":"tag-divertissement","9":"tag-entertainment","10":"tag-fr","11":"tag-france","12":"tag-people","13":"tag-sting"},"share_on_mastodon":{"url":"https:\/\/pubeurope.com\/@fr\/115429449668418615","error":""},"_links":{"self":[{"href":"https:\/\/www.europesays.com\/fr\/wp-json\/wp\/v2\/posts\/486879","targetHints":{"allow":["GET"]}}],"collection":[{"href":"https:\/\/www.europesays.com\/fr\/wp-json\/wp\/v2\/posts"}],"about":[{"href":"https:\/\/www.europesays.com\/fr\/wp-json\/wp\/v2\/types\/post"}],"author":[{"embeddable":true,"href":"https:\/\/www.europesays.com\/fr\/wp-json\/wp\/v2\/users\/2"}],"replies":[{"embeddable":true,"href":"https:\/\/www.europesays.com\/fr\/wp-json\/wp\/v2\/comments?post=486879"}],"version-history":[{"count":0,"href":"https:\/\/www.europesays.com\/fr\/wp-json\/wp\/v2\/posts\/486879\/revisions"}],"wp:featuredmedia":[{"embeddable":true,"href":"https:\/\/www.europesays.com\/fr\/wp-json\/wp\/v2\/media\/486880"}],"wp:attachment":[{"href":"https:\/\/www.europesays.com\/fr\/wp-json\/wp\/v2\/media?parent=486879"}],"wp:term":[{"taxonomy":"category","embeddable":true,"href":"https:\/\/www.europesays.com\/fr\/wp-json\/wp\/v2\/categories?post=486879"},{"taxonomy":"post_tag","embeddable":true,"href":"https:\/\/www.europesays.com\/fr\/wp-json\/wp\/v2\/tags?post=486879"}],"curies":[{"name":"wp","href":"https:\/\/api.w.org\/{rel}","templated":true}]}}