{"id":486883,"date":"2025-10-24T13:47:13","date_gmt":"2025-10-24T13:47:13","guid":{"rendered":"https:\/\/www.europesays.com\/fr\/486883\/"},"modified":"2025-10-24T13:47:13","modified_gmt":"2025-10-24T13:47:13","slug":"bernard-bourrit-precis-de-destruction-liberation","status":"publish","type":"post","link":"https:\/\/www.europesays.com\/fr\/486883\/","title":{"rendered":"Bernard Bourrit, pr\u00e9cis de destruction \u2013 Lib\u00e9ration"},"content":{"rendered":"<p class=\"sc-cPiKLX AiZTS text-element\">D\u00e9truire tout ouvre sur la description d\u2019une photo parue dans un journal : un jeune homme d\u2019une vingtaine d\u2019ann\u00e9es, en costume, escort\u00e9 par la mar\u00e9chauss\u00e9e, sans menottes. Le pr\u00e9venu a \u00abdes mains de musicien\u00bb mais aussi \u00abdes mains homicides\u00bb. Le livre commence par la fin : il y a eu un crime et l\u2019on juge l\u2019assassin. Le journal, la photo, sont d\u00e9j\u00e0 comme des indices d\u2019une v\u00e9racit\u00e9 : il y a une vieille tradition litt\u00e9raire \u00e0 piocher dans les colonnes de la presse des histoires de meurtres effroyables pour f\u00e9conder des fictions ou des r\u00e9cits. Bernard Bourrit a d\u2019ailleurs averti d\u2019embl\u00e9e que \u00able fait divers, trouv\u00e9 au hasard d\u2019une fouille, formait un bloc durci, il s\u2019est agi d\u2019en briser l\u2019\u00e9corce pour d\u00e9noyauter le fond d\u2019\u00e9poque dont le pr\u00e9sent provient\u00bb. Et c\u2019est bien ainsi que l\u2019\u00e9crivain proc\u00e8de, en d\u00e9cortiquant tout : les lieux, les vies, les milieux sociaux, les motivations, le temps qu\u2019il faisait, les intentions de l\u2019entourage, etc. On n\u2019entre pas dans ce livre comme dans un polar divertissant. C\u2019est une m\u00e9canique de pr\u00e9cision, un dossier \u00e0 charge et \u00e0 d\u00e9charge, un impressionnant dispositif \u00e0 engrenage qu\u2019on peut difficilement l\u00e2cher. M\u00eame si on en conna\u00eet l\u2019issue. <\/p>\n<p class=\"sc-cPiKLX AiZTS text-element\">L\u2019histoire s\u2019est pass\u00e9e dans les Pr\u00e9alpes suisses dans les ann\u00e9es 60. Le jeune homme de la photo, l\u2019auteur l\u2019appelle Alain, a tu\u00e9 sa petite amie Carmen. On songe imm\u00e9diatement \u00e0 un f\u00e9minicide, mais le mot ne sera jamais \u00e9crit et pour cause, \u00abil n\u2019y avait pas, en 1968, de cat\u00e9gorie sp\u00e9 <\/p>\n","protected":false},"excerpt":{"rendered":"D\u00e9truire tout ouvre sur la description d\u2019une photo parue dans un journal : un jeune homme d\u2019une vingtaine&hellip;\n","protected":false},"author":2,"featured_media":486884,"comment_status":"","ping_status":"","sticky":false,"template":"","format":"standard","meta":{"footnotes":""},"categories":[1357],"tags":[1379,10488,58,59,1011,27,1380,3067],"class_list":{"0":"post-486883","1":"post","2":"type-post","3":"status-publish","4":"format-standard","5":"has-post-thumbnail","7":"category-livres","8":"tag-books","9":"tag-cahier-livres","10":"tag-divertissement","11":"tag-entertainment","12":"tag-fr","13":"tag-france","14":"tag-livres","15":"tag-suisse"},"share_on_mastodon":{"url":"https:\/\/pubeurope.com\/@fr\/115429457582126511","error":""},"_links":{"self":[{"href":"https:\/\/www.europesays.com\/fr\/wp-json\/wp\/v2\/posts\/486883","targetHints":{"allow":["GET"]}}],"collection":[{"href":"https:\/\/www.europesays.com\/fr\/wp-json\/wp\/v2\/posts"}],"about":[{"href":"https:\/\/www.europesays.com\/fr\/wp-json\/wp\/v2\/types\/post"}],"author":[{"embeddable":true,"href":"https:\/\/www.europesays.com\/fr\/wp-json\/wp\/v2\/users\/2"}],"replies":[{"embeddable":true,"href":"https:\/\/www.europesays.com\/fr\/wp-json\/wp\/v2\/comments?post=486883"}],"version-history":[{"count":0,"href":"https:\/\/www.europesays.com\/fr\/wp-json\/wp\/v2\/posts\/486883\/revisions"}],"wp:featuredmedia":[{"embeddable":true,"href":"https:\/\/www.europesays.com\/fr\/wp-json\/wp\/v2\/media\/486884"}],"wp:attachment":[{"href":"https:\/\/www.europesays.com\/fr\/wp-json\/wp\/v2\/media?parent=486883"}],"wp:term":[{"taxonomy":"category","embeddable":true,"href":"https:\/\/www.europesays.com\/fr\/wp-json\/wp\/v2\/categories?post=486883"},{"taxonomy":"post_tag","embeddable":true,"href":"https:\/\/www.europesays.com\/fr\/wp-json\/wp\/v2\/tags?post=486883"}],"curies":[{"name":"wp","href":"https:\/\/api.w.org\/{rel}","templated":true}]}}