{"id":486899,"date":"2025-10-24T13:57:15","date_gmt":"2025-10-24T13:57:15","guid":{"rendered":"https:\/\/www.europesays.com\/fr\/486899\/"},"modified":"2025-10-24T13:57:15","modified_gmt":"2025-10-24T13:57:15","slug":"olivier-faure-et-boris-vallaud-menacent-le-gouvernement-de-censure-en-cas-dabsence-de-mesures-de-justice-fiscale-liberation","status":"publish","type":"post","link":"https:\/\/www.europesays.com\/fr\/486899\/","title":{"rendered":"Olivier Faure et Boris Vallaud menacent le gouvernement de censure en cas d\u2019absence de mesures de justice fiscale \u2013 Lib\u00e9ration"},"content":{"rendered":"<p class=\"sc-cPiKLX AiZTS text-element\">Quelques heures avant le d\u00e9but des hostilit\u00e9s dans l\u2019h\u00e9micycle, <a href=\"https:\/\/www.liberation.fr\/politique\/sur-la-censure-le-ps-est-aussi-divise-que-lr-qui-est-encore-plus-divise-quhorizons-20251015_DEIVTIF7PJFFBLEQI6Z2QX4754\/\" target=\"_blank\" rel=\"noreferrer noopener\" title=\"https:\/\/www.liberation.fr\/politique\/sur-la-censure-le-ps-est-aussi-divise-que-lr-qui-est-encore-plus-divise-quhorizons-20251015_DEIVTIF7PJFFBLEQI6Z2QX4754\/\">le chef du PS menace de censure<\/a>. Olivier Faure souligne ce vendredi 24\u00a0octobre sur BFMTV que \u00abce serait termin\u00e9\u00bb pour le gouvernement \u00abs\u2019il n\u2019y a pas d\u2019\u00e9volution d\u2019ici lundi\u00bb sur le projet de budget pour\u00a02026. <a href=\"https:\/\/www.liberation.fr\/politique\/la-on-me-concede-une-place-sur-lolympe-mais-demain-je-serai-peut-etre-le-diable-olivier-faure-le-gout-de-poker-20251018_FH5QXB43FFAZHLYOHKQQ5NQN5M\/\" target=\"_blank\" rel=\"noreferrer noopener\" title=\"https:\/\/www.liberation.fr\/politique\/la-on-me-concede-une-place-sur-lolympe-mais-demain-je-serai-peut-etre-le-diable-olivier-faure-le-gout-de-poker-20251018_FH5QXB43FFAZHLYOHKQQ5NQN5M\/\">Le Premier secr\u00e9taire du Parti socialiste <\/a>consid\u00e8re qu\u2019il \u00abfaut taper sur les ultra-riches et les super-h\u00e9ritages\u00bb, corroborant les exigences de la veille de Boris Vallaud, le chef des d\u00e9put\u00e9s PS \u00e0 l\u2019Assembl\u00e9e nationale. <\/p>\n<p class=\"sc-cPiKLX AiZTS text-element\">Jeudi soir, l\u2019\u00e9lu des Landes avait d\u00e9j\u00e0 laiss\u00e9 planer l\u2019id\u00e9e d\u2019une censure du gouvernement si les macronistes ne se montraient pas \u00abcapables de justice fiscale\u00bb dans le <a href=\"https:\/\/www.liberation.fr\/politique\/bruno-retailleau-juge-le-budget-invotable-pour-lr-et-ne-sinterdit-pas-la-censure-20251021_QCRJGJBCDZBZ5M3A4RBNQCCXXY\/\" target=\"_blank\" rel=\"noreferrer noopener\" title=\"https:\/\/www.liberation.fr\/politique\/bruno-retailleau-juge-le-budget-invotable-pour-lr-et-ne-sinterdit-pas-la-censure-20251021_QCRJGJBCDZBZ5M3A4RBNQCCXXY\/\">budget 2026 de l\u2019Etat<\/a>. \u00abSi le bloc central n\u2019est pas capable de voter la taxe Zucman, cet imp\u00f4t minimal et indispensable sur les tr\u00e8s hauts patrimoines, s\u2019il n\u2019est pas capable de voter l\u2019ISF sur les milliardaires, sur lequel nous avons travaill\u00e9 et que nous proposerons, s\u2019il n\u2019est pas capable de justice fiscale, je ne suis pas s\u00fbr qu\u2019il sera possible de discuter de la suite\u00bb, affirme le pr\u00e9sident du groupe socialiste \u00e0 l\u2019Assembl\u00e9e nationale dans <a href=\"https:\/\/www.leparisien.fr\/politique\/beaucoup-de-choses-vont-se-jouer-des-ce-week-end-la-mise-en-garde-de-boris-vallaud-sur-le-budget-23-10-2025-E7DXYZ3JWVFSBLJEHIFYQO52TQ.php\" target=\"_blank\" rel=\"noreferrer noopener\" title=\"https:\/\/www.leparisien.fr\/politique\/beaucoup-de-choses-vont-se-jouer-des-ce-week-end-la-mise-en-garde-de-boris-vallaud-sur-le-budget-23-10-2025-E7DXYZ3JWVFSBLJEHIFYQO52TQ.php\">une interview au Parisien<\/a>. <\/p>\n<p class=\"sc-cPiKLX AiZTS text-element\">L\u2019examen de la partie recettes du projet de loi de finances 2026 doit commencer ce vendredi \u00e0 partir de 15 heures dans l\u2019h\u00e9micycle de l\u2019Assembl\u00e9e. <\/p>\n<p class=\"sc-cPiKLX AiZTS text-element\">\u00abBeaucoup de choses vont se jouer d\u00e8s ce week-end\u00bb, poursuit le d\u00e9put\u00e9 des Landes. \u00abTout est possible. Nous nous sommes r\u00e9serv\u00e9 la possibilit\u00e9 de sanctionner \u00e0 tout moment\u00bb, ajoute Boris Vallaud. <\/p>\n<p class=\"sc-cPiKLX AiZTS text-element\">\u00abLes macronistes ont 48 heures pour dire les concessions qu\u2019ils sont pr\u00eats \u00e0 nous accorder\u00bb, souligne de son c\u00f4t\u00e9 le chef de file du PS sur le budget Philippe Brun. \u00abSi nous ne votons pas la premi\u00e8re partie alors il n\u2019y aura pas de <a href=\"https:\/\/www.liberation.fr\/politique\/budget-2026-apres-un-round-dobservation-en-commission-la-gauche-ultra-mobilisee-pour-les-debats-dans-lhemicycle-20251023_4YR3J43P6JHD3OTCJNSMP4ONOQ\/\" target=\"_blank\" rel=\"noreferrer noopener\" title=\"https:\/\/www.liberation.fr\/politique\/budget-2026-apres-un-round-dobservation-en-commission-la-gauche-ultra-mobilisee-pour-les-debats-dans-lhemicycle-20251023_4YR3J43P6JHD3OTCJNSMP4ONOQ\/\">budget<\/a>\u00bb, insiste-t-il. <\/p>\n<p class=\"sc-cPiKLX AiZTS text-element\">Lors du r\u00e9cent examen en commission (qui pr\u00e9c\u00e8de l\u2019examen dans l\u2019h\u00e9micycle \u00e0 l\u2019Assembl\u00e9e <a href=\"https:\/\/www.liberation.fr\/politique\/budget-apres-trois-jours-de-travaux-pourquoi-les-deputes-vont-repartir-de-zero-20251022_OB7FYNAPYFEYFJMEKIFQQWQC4Y\/\" target=\"_blank\" rel=\"noreferrer noopener\" title=\"https:\/\/www.liberation.fr\/politique\/budget-apres-trois-jours-de-travaux-pourquoi-les-deputes-vont-repartir-de-zero-20251022_OB7FYNAPYFEYFJMEKIFQQWQC4Y\/\">et fait office de r\u00e9p\u00e9tition g\u00e9n\u00e9rale<\/a>) de la partie recettes du budget de l\u2019Etat pour\u00a02026, le texte a \u00e9t\u00e9 largement rejet\u00e9 par les d\u00e9put\u00e9s. <\/p>\n<p class=\"sc-cPiKLX AiZTS text-element\">Et les socialistes, cl\u00e9s de la survie du gouvernement de S\u00e9bastien Lecornu qu\u2019ils ont fait le choix de ne pas censurer la semaine derni\u00e8re, ont fait part de leurs r\u00e9serves. De fait, la taxe Zucman visant les \u00abultra-riches\u00bb et le r\u00e9tablissement de l\u2019ISF ont \u00e9t\u00e9 rejet\u00e9s par les macronistes. Selon Boris Vallaud, \u00abLe compte n\u2019y est pas. La justice fiscale n\u2019est pas au rendez-vous et fait peser sur les classes moyennes et populaires des efforts qui ne sont pas demand\u00e9s aux milliardaires et aux multinationales\u00bb. <\/p>\n<p class=\"sc-cPiKLX AiZTS text-element\"><b>Mise \u00e0 jour <\/b>ce vendredi 24\u00a0octobre \u00e0 10\u00a0h\u00a004, avec l\u2019ajout des d\u00e9clarations d\u2019Olivier Faure. <\/p>\n","protected":false},"excerpt":{"rendered":"Quelques heures avant le d\u00e9but des hostilit\u00e9s dans l\u2019h\u00e9micycle, le chef du PS menace de censure. Olivier Faure&hellip;\n","protected":false},"author":2,"featured_media":486900,"comment_status":"","ping_status":"","sticky":false,"template":"","format":"standard","meta":{"footnotes":""},"categories":[4],"tags":[11,416,6219,25548,1011,27,418,12,429,25,53468,52897],"class_list":{"0":"post-486899","1":"post","2":"type-post","3":"status-publish","4":"format-standard","5":"has-post-thumbnail","7":"category-france","8":"tag-actualites","9":"tag-assemblee-nationale","10":"tag-boris-vallaud","11":"tag-budget-public","12":"tag-fr","13":"tag-france","14":"tag-gouvernement","15":"tag-news","16":"tag-ps","17":"tag-republique-francaise","18":"tag-taxation-des-ultra-riches","19":"tag-taxe-zucman"},"share_on_mastodon":{"url":"https:\/\/pubeurope.com\/@fr\/115429496914623259","error":""},"_links":{"self":[{"href":"https:\/\/www.europesays.com\/fr\/wp-json\/wp\/v2\/posts\/486899","targetHints":{"allow":["GET"]}}],"collection":[{"href":"https:\/\/www.europesays.com\/fr\/wp-json\/wp\/v2\/posts"}],"about":[{"href":"https:\/\/www.europesays.com\/fr\/wp-json\/wp\/v2\/types\/post"}],"author":[{"embeddable":true,"href":"https:\/\/www.europesays.com\/fr\/wp-json\/wp\/v2\/users\/2"}],"replies":[{"embeddable":true,"href":"https:\/\/www.europesays.com\/fr\/wp-json\/wp\/v2\/comments?post=486899"}],"version-history":[{"count":0,"href":"https:\/\/www.europesays.com\/fr\/wp-json\/wp\/v2\/posts\/486899\/revisions"}],"wp:featuredmedia":[{"embeddable":true,"href":"https:\/\/www.europesays.com\/fr\/wp-json\/wp\/v2\/media\/486900"}],"wp:attachment":[{"href":"https:\/\/www.europesays.com\/fr\/wp-json\/wp\/v2\/media?parent=486899"}],"wp:term":[{"taxonomy":"category","embeddable":true,"href":"https:\/\/www.europesays.com\/fr\/wp-json\/wp\/v2\/categories?post=486899"},{"taxonomy":"post_tag","embeddable":true,"href":"https:\/\/www.europesays.com\/fr\/wp-json\/wp\/v2\/tags?post=486899"}],"curies":[{"name":"wp","href":"https:\/\/api.w.org\/{rel}","templated":true}]}}