{"id":486923,"date":"2025-10-24T14:11:18","date_gmt":"2025-10-24T14:11:18","guid":{"rendered":"https:\/\/www.europesays.com\/fr\/486923\/"},"modified":"2025-10-24T14:11:18","modified_gmt":"2025-10-24T14:11:18","slug":"en-images-une-pelle-mecanique-de-45-tonnes-pour-demolir-lautopont-des-etats-generaux-a-echirolles","status":"publish","type":"post","link":"https:\/\/www.europesays.com\/fr\/486923\/","title":{"rendered":"En images. Une pelle m\u00e9canique de 45 tonnes pour d\u00e9molir l\u2019autopont des \u00c9tats-G\u00e9n\u00e9raux\u00a0\u00e0 \u00c9chirolles"},"content":{"rendered":"<p> Ce vendredi 24\u00a0octobre, la destruction de la premi\u00e8re partie de l\u2019autopont de l\u2019avenue des \u00c9tats-G\u00e9n\u00e9raux \u00e0 \u00c9chirolles s\u2019est poursuivie. Sous les coups d\u2019une pelle m\u00e9canique de 45 tonnes, les gravats ont \u00e9t\u00e9 arrach\u00e9s par morceaux, pour entamer la mue de cette entr\u00e9e de ville, \u00e0 la limite de Grenoble. 15 jours de travaux g\u00e9r\u00e9s par Grenoble Alpes M\u00e9tropole seront n\u00e9cessaires pour d\u00e9manteler et \u00e9vacuer les d\u00e9chets. Cette premi\u00e8re \u00e9tape du chantier sera suivie d\u2019une nouvelle p\u00e9riode de d\u00e9molition pr\u00e9vue fin f\u00e9vrier\u00a02026. L\u2019am\u00e9nagement global de l\u2019avenue des \u00c9tats-G\u00e9n\u00e9raux, au c\u0153ur de la Ville neuve d\u2019\u00c9chirolles, devrait \u00eatre achev\u00e9 au dernier trimestre 2026.<\/p>\n","protected":false},"excerpt":{"rendered":"Ce vendredi 24\u00a0octobre, la destruction de la premi\u00e8re partie de l\u2019autopont de l\u2019avenue des \u00c9tats-G\u00e9n\u00e9raux \u00e0 \u00c9chirolles s\u2019est&hellip;\n","protected":false},"author":2,"featured_media":486924,"comment_status":"","ping_status":"","sticky":false,"template":"","format":"standard","meta":{"footnotes":""},"categories":[9566],"tags":[1111,11,2430,4749,3542,9852,9853,112,1777,674,107,1011,27,5325,2798,2731,108,12,25,2803],"class_list":{"0":"post-486923","1":"post","2":"type-post","3":"status-publish","4":"format-standard","5":"has-post-thumbnail","7":"category-grenoble","8":"tag-actu","9":"tag-actualites","10":"tag-auvergne-rhone-alpes","11":"tag-btp-et-chantiers","12":"tag-circulation","13":"tag-echirolles","14":"tag-echirolles-bassin","15":"tag-edition-grenoble-agglomeration","16":"tag-eu","17":"tag-europe","18":"tag-fil-info","19":"tag-fr","20":"tag-france","21":"tag-galerie-media","22":"tag-galerie-photo","23":"tag-grenoble","24":"tag-isere","25":"tag-news","26":"tag-republique-francaise","27":"tag-transport"},"share_on_mastodon":{"url":"https:\/\/pubeurope.com\/@fr\/115429551942907631","error":""},"_links":{"self":[{"href":"https:\/\/www.europesays.com\/fr\/wp-json\/wp\/v2\/posts\/486923","targetHints":{"allow":["GET"]}}],"collection":[{"href":"https:\/\/www.europesays.com\/fr\/wp-json\/wp\/v2\/posts"}],"about":[{"href":"https:\/\/www.europesays.com\/fr\/wp-json\/wp\/v2\/types\/post"}],"author":[{"embeddable":true,"href":"https:\/\/www.europesays.com\/fr\/wp-json\/wp\/v2\/users\/2"}],"replies":[{"embeddable":true,"href":"https:\/\/www.europesays.com\/fr\/wp-json\/wp\/v2\/comments?post=486923"}],"version-history":[{"count":0,"href":"https:\/\/www.europesays.com\/fr\/wp-json\/wp\/v2\/posts\/486923\/revisions"}],"wp:featuredmedia":[{"embeddable":true,"href":"https:\/\/www.europesays.com\/fr\/wp-json\/wp\/v2\/media\/486924"}],"wp:attachment":[{"href":"https:\/\/www.europesays.com\/fr\/wp-json\/wp\/v2\/media?parent=486923"}],"wp:term":[{"taxonomy":"category","embeddable":true,"href":"https:\/\/www.europesays.com\/fr\/wp-json\/wp\/v2\/categories?post=486923"},{"taxonomy":"post_tag","embeddable":true,"href":"https:\/\/www.europesays.com\/fr\/wp-json\/wp\/v2\/tags?post=486923"}],"curies":[{"name":"wp","href":"https:\/\/api.w.org\/{rel}","templated":true}]}}