{"id":486927,"date":"2025-10-24T14:13:21","date_gmt":"2025-10-24T14:13:21","guid":{"rendered":"https:\/\/www.europesays.com\/fr\/486927\/"},"modified":"2025-10-24T14:13:21","modified_gmt":"2025-10-24T14:13:21","slug":"suivez-le-10-km-et-le-marathon-vert-rennes-school-of-business-en-direct","status":"publish","type":"post","link":"https:\/\/www.europesays.com\/fr\/486927\/","title":{"rendered":"Suivez le 10 km et le Marathon Vert Rennes School of Business en direct"},"content":{"rendered":"<p style=\"text-align: justify;\"><strong>Le 10 km et la Marathon Vert Rennes School of Business seront diffus\u00e9s en direct sur <\/strong><strong>la cha\u00eene locale <\/strong><strong>TV RENNES avec Philippe Chaput, Gwendal Louvel et Beno\u00eet Blanchard aux commentaires. Le 10 km sera \u00e0 suivre d\u00e8s 21h10 ce samedi et le marathon d\u00e8s 8h55 ce dimanche. Sur la plus courte des distances, vous pourrez notamment y suivre la <a style=\"color: #000000;\" href=\"https:\/\/www.lemarathonvert.org\/\" target=\"_blank\" rel=\"noopener\">performance<\/a> du recordman de France <a style=\"color: #000000;\" href=\"https:\/\/stadion-actu.fr\/marathon-vert-rennes-school-of-business-etienne-daguinos-valentin-gondouin-margaux-sieracki-duncan-perrillat-florian-caro-et-18-500-coureurs-au-depart\/\" target=\"_blank\" rel=\"noopener\">Etienne Daguinos<\/a> (27\u201904 \u00e0 Lille en 2024), qui cl\u00f4ture son excellente saison dans la capitale bretonne. Installez-vous confortablement et bon visionnage !<\/strong><\/p>\n<p>\u00a0<\/p>\n<\/p>\n<p>\u00a0<\/p>\n<p style=\"text-align: left;\">Cr\u00e9dits photos : <strong>Clotilde Briand<\/strong> \/ STADION<\/p>\n","protected":false},"excerpt":{"rendered":"Le 10 km et la Marathon Vert Rennes School of Business seront diffus\u00e9s en direct sur la cha\u00eene&hellip;\n","protected":false},"author":2,"featured_media":486928,"comment_status":"","ping_status":"","sticky":false,"template":"","format":"standard","meta":{"footnotes":""},"categories":[2821],"tags":[1111,11,829,61018,61019,58277,1777,674,61020,1011,27,61021,60244,60245,12,5240,584,25,61022],"class_list":{"0":"post-486927","1":"post","2":"type-post","3":"status-publish","4":"format-standard","5":"has-post-thumbnail","7":"category-rennes","8":"tag-actu","9":"tag-actualites","10":"tag-bretagne","11":"tag-camille-chaigneau","12":"tag-duncan-perrillat","13":"tag-etienne-daguinos","14":"tag-eu","15":"tag-europe","16":"tag-florian-caro","17":"tag-fr","18":"tag-france","19":"tag-guillaume-ruel","20":"tag-marathon-de-rennes","21":"tag-marathon-vert-rennes-school-of-business","22":"tag-news","23":"tag-programme","24":"tag-rennes","25":"tag-republique-francaise","26":"tag-valentin-gondouin"},"share_on_mastodon":{"url":"https:\/\/pubeurope.com\/@fr\/115429559916313147","error":""},"_links":{"self":[{"href":"https:\/\/www.europesays.com\/fr\/wp-json\/wp\/v2\/posts\/486927","targetHints":{"allow":["GET"]}}],"collection":[{"href":"https:\/\/www.europesays.com\/fr\/wp-json\/wp\/v2\/posts"}],"about":[{"href":"https:\/\/www.europesays.com\/fr\/wp-json\/wp\/v2\/types\/post"}],"author":[{"embeddable":true,"href":"https:\/\/www.europesays.com\/fr\/wp-json\/wp\/v2\/users\/2"}],"replies":[{"embeddable":true,"href":"https:\/\/www.europesays.com\/fr\/wp-json\/wp\/v2\/comments?post=486927"}],"version-history":[{"count":0,"href":"https:\/\/www.europesays.com\/fr\/wp-json\/wp\/v2\/posts\/486927\/revisions"}],"wp:featuredmedia":[{"embeddable":true,"href":"https:\/\/www.europesays.com\/fr\/wp-json\/wp\/v2\/media\/486928"}],"wp:attachment":[{"href":"https:\/\/www.europesays.com\/fr\/wp-json\/wp\/v2\/media?parent=486927"}],"wp:term":[{"taxonomy":"category","embeddable":true,"href":"https:\/\/www.europesays.com\/fr\/wp-json\/wp\/v2\/categories?post=486927"},{"taxonomy":"post_tag","embeddable":true,"href":"https:\/\/www.europesays.com\/fr\/wp-json\/wp\/v2\/tags?post=486927"}],"curies":[{"name":"wp","href":"https:\/\/api.w.org\/{rel}","templated":true}]}}