{"id":486931,"date":"2025-10-24T14:15:13","date_gmt":"2025-10-24T14:15:13","guid":{"rendered":"https:\/\/www.europesays.com\/fr\/486931\/"},"modified":"2025-10-24T14:15:13","modified_gmt":"2025-10-24T14:15:13","slug":"strasbourg-des-centaines-de-personnes-attendent-devant-cette-boutique-du-centre-ville-voici-pourquoi","status":"publish","type":"post","link":"https:\/\/www.europesays.com\/fr\/486931\/","title":{"rendered":"Strasbourg. Des centaines de personnes attendent devant cette boutique du centre-ville : voici pourquoi"},"content":{"rendered":"<p>            Par<br \/>\n        <strong><br \/>\n            <a href=\"https:\/\/actu.fr\/auteur\/thomas-blanc\" title=\"Consulter tous les articles de Thomas Blanc\" target=\"_blank\" rel=\"noopener\">Thomas Blanc<\/a><br \/>\n        <\/strong><\/p>\n<p>        Publi\u00e9 le<\/p>\n<p>            24 oct. 2025 \u00e0 16h08        <\/p>\n<p>Si du public \u00e9tait attendu sur la place Kl\u00e9ber \u00e0 <a href=\"https:\/\/actu.fr\/strasbourg\/\" target=\"_blank\" rel=\"noopener\">Strasbourg<\/a> ce vendredi 24\u00a0octobre, c\u2019\u00e9tait pour <strong>lever les yeux vers le ciel<\/strong> en direction <a href=\"https:\/\/actu.fr\/grand-est\/strasbourg_67482\/video-marche-de-noel-de-strasbourg-voici-ce-qu-il-faut-savoir-sur-le-grand-sapin-installe-place-kleber_63346091.html\" target=\"_blank\" rel=\"noopener\">du grand sapin de No\u00ebl de 30\u00a0m\u00e8tres install\u00e9 le matin m\u00eame<\/a>. Mais c\u2019est <strong>pour une tout autre raison que des centaines d\u2019adolescents ont patient\u00e9<\/strong>, d\u00e8s 13h pour certains, devant une boutique de la place.<\/p>\n<p>Une foule immense pour pouvoir profiter d\u2019une promotion dans ce restaurant<\/p>\n<p class=\" wall-content\">Non, aucune star ne tenait une s\u00e9ance de d\u00e9dicace dans le nouveau restaurant O\u2019Tacos de la place Kl\u00e9ber. Pourtant, de nombreux jeunes ont pris leur mal en patience pour pouvoir entrer tant la file d\u2019attente qu\u2019ils formaient devant l\u2019\u00e9tablissement <strong>s\u2019allongeait tout le long de la fa\u00e7ade sud de la place<\/strong>.<\/p>\n<p class=\" wall-content\">La cause \u00e0 tout cela\u2009? Le fast-food, ouvert depuis le 15\u00a0octobre 2025, propose \u00ab\u2009<strong>une promotion<\/strong> que l\u2019on ne peut pas refuser\u2009\u00bb, d\u2019apr\u00e8s plusieurs jeunes crois\u00e9s sur place.<\/p>\n<p class=\" wall-content\">\u00ab\u00a0Pour f\u00eater notre ouverture, nous proposons notre <strong>Tacos taille M pour 3\u20ac<\/strong> de 14h \u00e0 17h uniquement aujourd\u2019hui\u2009\u00bb, nous pr\u00e9cise Bruno Baumgartner, g\u00e9rant de plusieurs restaurants \u00e0 Strasbourg dont ce nouvel O\u2019Tacos.<\/p>\n<blockquote class=\"ac-article-quote wall-content\">\n<p>Quand on voit comment sont parties les trente premi\u00e8res minutes et le monde qu&rsquo;il y a encore dehors, on pense que l&rsquo;on va vendre entre 600 et 1000 tacos en trois heures. <\/p>\n<p>    <strong>Bruno Baumgartner <\/strong><br \/>\n        G\u00e9rant du restaurant O&rsquo;Tacos de la place Kl\u00e9ber    <\/p><\/blockquote>\n<p>Plus de 40\u00a0minutes d\u2019attente pour pouvoir commander<\/p>\n<p class=\" wall-content\">Et oui, \u00ab\u2009tout \u00e7a pour un sandwich\u2009\u00bb comme le font remarquer \u00e0 voix haute des passants interloqu\u00e9s par la foule immense o\u00f9 chacun attend son tour pour commander un tacos en r\u00e9duction.<\/p>\n<p class=\" wall-content\">Parmi eux, Thomas 20\u00a0ans, plus qu\u2019<strong>\u00e0 quelques m\u00e8tres de l\u2019entr\u00e9e apr\u00e8s 40 minutes d\u2019attente,<\/strong> nous explique\u2009: \u00ab\u2009J\u2019ai appris il y a une semaine que le restaurant ferait une promotion sur ses tacos donc j\u2019ai profit\u00e9 de mon temps libre <strong>pour venir avec deux amis<\/strong>.\u2009\u00bb<\/p>\n<p>Votre r\u00e9gion, votre actu !<\/p>\n<p>Recevez chaque jour les infos qui comptent pour vous.<\/p>\n<p>\t<a href=\"https:\/\/actu.fr\/newsletter\" class=\"ac-btn ac-btn--corner ac-btn--medium ac-btn--blue800\" target=\"_blank\" rel=\"noopener\">S&rsquo;incrire<\/a><\/p>\n<p class=\" wall-content\">\n<p>\u00ab\u2009Je n\u2019ai pas mang\u00e9 depuis hier pour pouvoir en prendre deux\u2009\u00bb<\/p>\n<p class=\" wall-content\">Pour Adam*, \u00e2g\u00e9 de 13 ans, et ses trois comp\u00e8res, c\u2019est l\u2019\u00e9v\u00e8nement des vacances scolaires. \u00ab\u2009<strong>Cela fait trois jours que je n\u2019attends que \u00e7a<\/strong>. Je n\u2019ai pas mang\u00e9 depuis hier soir pour pouvoir prendre deux tacos ce midi\u2009!\u2009\u00bb, t\u00e9moigne l\u2019adolescent venu du quartier du Neuhof.<\/p>\n<p class=\" wall-content\">Sur la m\u00eame place il y a moins d\u2019un mois, <a href=\"https:\/\/actu.fr\/grand-est\/strasbourg_67482\/insolite-a-strasbourg-cette-nouvelle-boutique-provoque-de-grosses-files-d-attente_63227324.html\" target=\"_blank\" rel=\"noopener\">l\u2019ouverture du magasin Cinnamood \u00e0 Strasbourg<\/a> avait <strong>provoqu\u00e9 le m\u00eame genre d\u2019attroupement<\/strong>.<\/p>\n<p class=\" wall-content\">*Le pr\u00e9nom a \u00e9t\u00e9 modifi\u00e9<\/p>\n<p class=\" wall-content\">Personnalisez votre actualit\u00e9 en ajoutant vos villes et m\u00e9dias en favori avec <a href=\"https:\/\/moncompte.actu.fr\" title=\"D\u00e9couvez Mon Actu\" rel=\"nofollow noopener\" data-trk=\"{&quot;cta&quot;:{&quot;action&quot;:&quot;https:\\\/\\\/moncompte.actu.fr&quot;,&quot;category&quot;:&quot;mon compte&quot;,&quot;from&quot;:&quot;article footer&quot;,&quot;name&quot;:&quot;Mon actu&quot;,&quot;type&quot;:&quot;cta&quot;}}\" target=\"_blank\">Mon Actu<\/a>.<\/p>\n","protected":false},"excerpt":{"rendered":"Par Thomas Blanc Publi\u00e9 le 24 oct. 2025 \u00e0 16h08 Si du public \u00e9tait attendu sur la place&hellip;\n","protected":false},"author":2,"featured_media":486932,"comment_status":"","ping_status":"","sticky":false,"template":"","format":"standard","meta":{"footnotes":""},"categories":[2820],"tags":[1111,11,1777,674,1011,27,775,1305,12,3147,25,640],"class_list":{"0":"post-486931","1":"post","2":"type-post","3":"status-publish","4":"format-standard","5":"has-post-thumbnail","7":"category-strasbourg","8":"tag-actu","9":"tag-actualites","10":"tag-eu","11":"tag-europe","12":"tag-fr","13":"tag-france","14":"tag-grand-est","15":"tag-lifestyle","16":"tag-news","17":"tag-nouveaux-commerces","18":"tag-republique-francaise","19":"tag-strasbourg"},"share_on_mastodon":{"url":"https:\/\/pubeurope.com\/@fr\/115429567612916326","error":""},"_links":{"self":[{"href":"https:\/\/www.europesays.com\/fr\/wp-json\/wp\/v2\/posts\/486931","targetHints":{"allow":["GET"]}}],"collection":[{"href":"https:\/\/www.europesays.com\/fr\/wp-json\/wp\/v2\/posts"}],"about":[{"href":"https:\/\/www.europesays.com\/fr\/wp-json\/wp\/v2\/types\/post"}],"author":[{"embeddable":true,"href":"https:\/\/www.europesays.com\/fr\/wp-json\/wp\/v2\/users\/2"}],"replies":[{"embeddable":true,"href":"https:\/\/www.europesays.com\/fr\/wp-json\/wp\/v2\/comments?post=486931"}],"version-history":[{"count":0,"href":"https:\/\/www.europesays.com\/fr\/wp-json\/wp\/v2\/posts\/486931\/revisions"}],"wp:featuredmedia":[{"embeddable":true,"href":"https:\/\/www.europesays.com\/fr\/wp-json\/wp\/v2\/media\/486932"}],"wp:attachment":[{"href":"https:\/\/www.europesays.com\/fr\/wp-json\/wp\/v2\/media?parent=486931"}],"wp:term":[{"taxonomy":"category","embeddable":true,"href":"https:\/\/www.europesays.com\/fr\/wp-json\/wp\/v2\/categories?post=486931"},{"taxonomy":"post_tag","embeddable":true,"href":"https:\/\/www.europesays.com\/fr\/wp-json\/wp\/v2\/tags?post=486931"}],"curies":[{"name":"wp","href":"https:\/\/api.w.org\/{rel}","templated":true}]}}