{"id":486946,"date":"2025-10-24T14:23:14","date_gmt":"2025-10-24T14:23:14","guid":{"rendered":"https:\/\/www.europesays.com\/fr\/486946\/"},"modified":"2025-10-24T14:23:14","modified_gmt":"2025-10-24T14:23:14","slug":"le-regard-singulier-de-la-toulouse-fashion-week-se-pose-sur-la-mode","status":"publish","type":"post","link":"https:\/\/www.europesays.com\/fr\/486946\/","title":{"rendered":"Le regard singulier de la Toulouse Fashion Week se pose sur la mode"},"content":{"rendered":"<p>\n                                    <b>Publi\u00e9 le<\/b><br \/>\n                                    <\/p>\n<p>                                        24 octobre 2025<\/p>\n<p class=\"article-content col-md-8 offset-md-1\">\n                                Il n\u2019est pas rare de voir fleurir des semaines de la mode dans d\u2019autres villes que Milan ou Paris. Mais toutes ne sont pas aussi anciennes et singuli\u00e8res que la Toulouse Fashion Week (TFW). Organis\u00e9e par l\u2019association Institut des arts et de la mode, elle r\u00e9unit depuis 2019 plusieurs centaines de visiteurs et une dizaine de stylistes du monde entier dans des lieux embl\u00e9matiques de la Ville Rose, autour de la mode et du spectacle.<\/p>\n<p><img decoding=\"async\" class=\"news-image\" style=\"width:100%;max-width:645px;\" src=\"https:\/\/www.europesays.com\/fr\/wp-content\/uploads\/2025\/10\/bf00.jpg\" alt=\"Tenue issue d'une collection de la marque Jenia Gala\" loading=\"lazy\"\/>Tenue issue d&rsquo;une collection de la marque Jenia Gala &#8211; Toulouse Fashion Week<\/p>\n<p class=\"col-md-8 offset-md-1 article-content--texte\">Son \u00e9dition 2025 se tiendra les 28 et 29 novembre sous le th\u00e8me \u201cH\u00e9ritage\u201d, en r\u00e9f\u00e9rence \u00e0 la diversit\u00e9 stylistique des pays du monde. Organis\u00e9e dans la tr\u00e8s attendue salle Interf\u00e9rence \u2013 Balma, la Toulouse Fashion Week semble avoir franchi un cap, selon son pr\u00e9sident, Fabrice Sauriat. \u201cC\u2019est une concr\u00e9tisation\u201d, explique-t-il. \u201cJe n\u2019avais pas r\u00e9alis\u00e9, mais les gens n\u2019en revenaient pas !\u201d. Le lieu met \u00e0 disposition 1.000 m\u00e8tres carr\u00e9s et un podium de 45 m\u00e8tres en forme de U, assortis d\u2019une remise sur la location. La salle, pouvant accueillir entre 400 et 600 personnes, devrait afficher complet: \u201cL\u2019ann\u00e9e derni\u00e8re, nous avons accueilli 500 personnes par soir. Cette ann\u00e9e, on devrait atteindre les 600\u201d, anticipe Fabrice Sauriat.<\/p>\n<p class=\"col-md-10 exergue\">Participer pour le plaisir<\/p>\n<p class=\"col-md-8 offset-md-1 article-content--texte\">Pour mettre l\u2019\u00e9v\u00e9nement sur pied, l\u2019Institut des arts et de la mode compte sur le travail de 300 b\u00e9n\u00e9voles, qu\u2019ils soient mod\u00e8les, photographes, maquilleurs, coiffeurs ou communicants. La Toulouse Fashion Week dispose \u00e9galement du soutien de semaines de la mode internationales (Pologne, Berlin, Guyane, Br\u00e9sil et Centre Afrique). Ce soutien, centr\u00e9 sur la communication, a permis \u00e0 la TFW d\u2019\u00eatre approch\u00e9e par des stylistes de tous les continents. \u201cLes stylistes nous contactent d\u00e9sormais\u201d, souligne Fabrice Sauriat. \u201cMais ils participent par plaisir, pas par gain financier.\u201d Le pr\u00e9sident estime qu\u2019environ 20% des stylistes pr\u00e9vus ne d\u00e9filent pas pour vendre, mais pour offrir une repr\u00e9sentation artistique de leur travail.\u00a0<\/p>\n<p><img decoding=\"async\" class=\"news-image\" style=\"width:100%;max-width:774px;\" src=\"https:\/\/www.europesays.com\/fr\/wp-content\/uploads\/2025\/10\/fa32.jpg\" alt=\"Tenue issue d'une collection de la marque ADN Street\" loading=\"lazy\"\/>Tenue issue d&rsquo;une collection de la marque ADN Street &#8211; Toulouse Fashion Week\/Johan Photographie<\/p>\n<p class=\"col-md-8 offset-md-1 article-content--texte\">C\u2019est l\u00e0 que la singularit\u00e9 de l\u2019\u00e9v\u00e9nement s\u2019exprime. Les d\u00e9fil\u00e9s s\u2019accompagnent parfois de danse, de musique, d\u2019un d\u00e9cor, et accueillent l\u2019univers de chacun des cr\u00e9ateurs. En r\u00e9sulte un spectacle vivant et une autre approche de la mode que celle des d\u00e9fil\u00e9s de capitales, \u201co\u00f9 il n\u2019y a que les t\u00eates qui bougent\u201d, selon les mots de Fabrice Sauriat. Attir\u00e9 par cette dimension pluridisciplinaire, le public de la TFW est h\u00e9t\u00e9rog\u00e8ne. Les curieux peuvent devenir acheteurs l&rsquo;espace d\u2019une soir\u00e9e, apr\u00e8s avoir applaudi pour une tenue \u00e0 leur go\u00fbt, dont le prix est toujours abordable.\u00a0<\/p>\n<p class=\"col-md-10 exergue\">Une croissance constante et organique<\/p>\n<p>C\u2019est d\u2019ailleurs le public qui finance presque enti\u00e8rement la r\u00e9union artistique, en payant des billets dont le prix oscille entre dix et cinquante euros. Les cr\u00e9ateurs, eux, s\u2019acquittent d\u2019une faible participation (d\u00e8s cent euros), car ils sont souvent des passionn\u00e9s oblig\u00e9s d\u2019exercer un emploi en parall\u00e8le. L\u2019objectif de la Toulouse Fashion Week est de programmer des cr\u00e9atifs n\u2019ayant \u201cpas les moyens de se faire conna\u00eetre\u201d, et de leur offrir une certaine visibilit\u00e9. \u201cLes trois quarts des cr\u00e9ateurs vont vendre leur collection dans le mois qui suit\u201d, assure le pr\u00e9sident de l&rsquo;association.\u00a0<\/p>\n<p><img decoding=\"async\" class=\"news-image\" style=\"width:100%;max-width:645px;\" src=\"https:\/\/www.europesays.com\/fr\/wp-content\/uploads\/2025\/10\/b8f3.jpg\" alt=\"Tenue issue d'une collection de la marque V\u00e9ronique Magny\" loading=\"lazy\"\/>Tenue issue d&rsquo;une collection de la marque V\u00e9ronique Magny &#8211; Toulouse Fashion Week\/Johan Photographie<\/p>\n<p class=\"col-md-8 offset-md-1 article-content--texte\">Ce qui a commenc\u00e9 par un gala de danse et de mode pour les marques Fabos et Swarovski en 2016 est devenu la Toulouse Fashion Week en 2019. 150 personnes avaient r\u00e9serv\u00e9 leur place pour sa premi\u00e8re \u00e9dition, organis\u00e9e \u00e0 l\u2019hippodrome de la C\u00e9pi\u00e8re, avec l\u2019appui de la mairie de Toulouse. Intitul\u00e9e \u201cNuit d\u2019Orient\u201d, elle avait r\u00e9uni des cr\u00e9ateurs venus de Toulouse, Montpellier, Perpignan, mais aussi du Maroc, d\u2019Ouganda, d\u2019Alg\u00e9rie et de Tunisie, autour de la mode et de performances artistiques. \u00c9dition apr\u00e8s \u00e9dition, l&rsquo;association et son \u00e9v\u00e9nement ont grandi. Aujourd\u2019hui, Fabrice Sauriat compare la TFW aux d\u00e9fil\u00e9s Victoria&rsquo;s Secret, o\u00f9 mannequins et public interagissent dans une ambiance de cabaret.<\/p>\n<p class=\"col-md-10 exergue\">La TFW change de dimension<\/p>\n<p>Parmi les figures cr\u00e9atives de la semaine de la mode toulousaine se trouve Tonye Aka, marraine de cette \u00e9dition 2025 et ma\u00eetre-artisan. Inscrite depuis 2020 \u00e0 la TFW, la cr\u00e9atrice est \u00e0 l\u2019origine de la marque Tonye\u2019s Fashion et de la Tonye\u2019s Fashion Academy, un centre de formation aux m\u00e9tiers de la mode bas\u00e9 \u00e0 Toulouse. L\u2019\u00e9v\u00e9nement a \u00e9galement mis la lumi\u00e8re sur Charlotte Bardou et son label de cr\u00e9ation de sacs upcycl\u00e9s Bi <a class=\"fnwAddLinks\" href=\"https:\/\/fr.fashionnetwork.com\/tags-ethic\" title=\"Ethic\" target=\"_blank\" rel=\"noopener\">Ethic<\/a>, ainsi que Jenia Gala et sa marque \u00e9ponyme, \u00e0 l\u2019origine de deux ateliers de couture \u00e0 Toulouse.<\/p>\n<p><img decoding=\"async\" class=\"news-image\" style=\"width:100%;max-width:774px;\" src=\"https:\/\/www.europesays.com\/fr\/wp-content\/uploads\/2025\/10\/ed68.jpg\" alt=\"Tenue issue d'une collection de la marque Agn\u00e8s Wuyam\" loading=\"lazy\"\/>Tenue issue d&rsquo;une collection de la marque Agn\u00e8s Wuyam &#8211; Toulouse Fashion Week<\/p>\n<p class=\"col-md-8 offset-md-1 article-content--texte\">En quelques ann\u00e9es, la Toulouse Fashion Week s\u2019est construit une r\u00e9putation locale qui tend \u00e0 changer de dimension. Elle aura m\u00eame attir\u00e9 l\u2019attention de <a class=\"fnwAddLinks\" href=\"https:\/\/fr.fashionnetwork.com\/tags-serge-carreira\" title=\"Serge Carreira\" target=\"_blank\" rel=\"noopener\">Serge Carreira<\/a>, directeur des marques \u00e9mergentes \u00e0 la <a class=\"fnwAddLinks\" href=\"https:\/\/fr.fashionnetwork.com\/tags-federation-de-la-haute-couture-et-de-la-mode\" title=\"F\u00e9d\u00e9ration de la Haute Couture et de la Mode\" target=\"_blank\" rel=\"noopener\">F\u00e9d\u00e9ration de la Haute Couture et de la Mode<\/a>. Mais l\u2019Institut des arts et de la mode souhaite d\u00e9sormais aller au-del\u00e0 de la TFW, et travaille sur de nouveaux projets m\u00ealant mode internationale et arts du spectacle, dont certains pourraient voir le jour d\u00e8s 2026.\u00a0\n                            <\/p>\n<p>\n                                Tous droits de reproduction et de repr\u00e9sentation r\u00e9serv\u00e9s.<br \/>\u00a9 2025 FashionNetwork.com\n                            <\/p>\n","protected":false},"excerpt":{"rendered":"Publi\u00e9 le 24 octobre 2025 Il n\u2019est pas rare de voir fleurir des semaines de la mode dans&hellip;\n","protected":false},"author":2,"featured_media":486947,"comment_status":"","ping_status":"","sticky":false,"template":"","format":"standard","meta":{"footnotes":""},"categories":[2816],"tags":[1111,11,2424,537,2423,61023,61024,1777,674,24457,1011,27,2425,985,12,2680,2298,2426,2427,25,2421,61025,2422,2312,56783],"class_list":{"0":"post-486946","1":"post","2":"type-post","3":"status-publish","4":"format-standard","5":"has-post-thumbnail","7":"category-toulouse","8":"tag-actu","9":"tag-actualites","10":"tag-beaute","11":"tag-contact","12":"tag-cosmetiques","13":"tag-daniel-swarovski","14":"tag-ethic","15":"tag-eu","16":"tag-europe","17":"tag-federation-de-la-haute-couture-et-de-la-mode","18":"tag-fr","19":"tag-france","20":"tag-luxe","21":"tag-mode","22":"tag-news","23":"tag-occitanie","24":"tag-parfum","25":"tag-professionnel","26":"tag-professionnels","27":"tag-republique-francaise","28":"tag-reseau","29":"tag-serge-carreira","30":"tag-textile","31":"tag-toulouse","32":"tag-victorias-secret"},"share_on_mastodon":{"url":"https:\/\/pubeurope.com\/@fr\/115429599820740415","error":""},"_links":{"self":[{"href":"https:\/\/www.europesays.com\/fr\/wp-json\/wp\/v2\/posts\/486946","targetHints":{"allow":["GET"]}}],"collection":[{"href":"https:\/\/www.europesays.com\/fr\/wp-json\/wp\/v2\/posts"}],"about":[{"href":"https:\/\/www.europesays.com\/fr\/wp-json\/wp\/v2\/types\/post"}],"author":[{"embeddable":true,"href":"https:\/\/www.europesays.com\/fr\/wp-json\/wp\/v2\/users\/2"}],"replies":[{"embeddable":true,"href":"https:\/\/www.europesays.com\/fr\/wp-json\/wp\/v2\/comments?post=486946"}],"version-history":[{"count":0,"href":"https:\/\/www.europesays.com\/fr\/wp-json\/wp\/v2\/posts\/486946\/revisions"}],"wp:featuredmedia":[{"embeddable":true,"href":"https:\/\/www.europesays.com\/fr\/wp-json\/wp\/v2\/media\/486947"}],"wp:attachment":[{"href":"https:\/\/www.europesays.com\/fr\/wp-json\/wp\/v2\/media?parent=486946"}],"wp:term":[{"taxonomy":"category","embeddable":true,"href":"https:\/\/www.europesays.com\/fr\/wp-json\/wp\/v2\/categories?post=486946"},{"taxonomy":"post_tag","embeddable":true,"href":"https:\/\/www.europesays.com\/fr\/wp-json\/wp\/v2\/tags?post=486946"}],"curies":[{"name":"wp","href":"https:\/\/api.w.org\/{rel}","templated":true}]}}