{"id":486950,"date":"2025-10-24T14:25:18","date_gmt":"2025-10-24T14:25:18","guid":{"rendered":"https:\/\/www.europesays.com\/fr\/486950\/"},"modified":"2025-10-24T14:25:18","modified_gmt":"2025-10-24T14:25:18","slug":"ligue-1-lille-fc-metz-plusieurs-absences-et-une-incertitude-chez-les-grenats","status":"publish","type":"post","link":"https:\/\/www.europesays.com\/fr\/486950\/","title":{"rendered":"Ligue 1. Lille &#8211; FC Metz\u00a0: plusieurs absences et une incertitude chez les Grenats"},"content":{"rendered":"<p>Pour le d\u00e9placement sur la pelouse du LOSC, ce dimanche (15h), le FC Metz devra composer avec plusieurs absences. \u00c0 commencer par celle de\u00a0<a href=\"https:\/\/www.republicain-lorrain.fr\/sport\/2025\/10\/22\/fc-metz-trois-matches-ferme-pour-sadibou-sane\" target=\"_blank\" rel=\"noopener\">Sadibou San\u00e9, qui a \u00e9cop\u00e9 de trois matches de suspension<\/a> apr\u00e8s son exclusion \u00e0 Toulouse pour un tacle aussi dangereux qu\u2019inutile. <a href=\"https:\/\/www.republicain-lorrain.fr\/sport\/2025\/10\/23\/frederic-arpinon-(fc-metz)-stephane-le-mignan-doit-changer-des-choses\" target=\"_blank\" rel=\"noopener\">Le joueur devrait d\u2019ailleurs \u00eatre sanctionn\u00e9 en interne<\/a>, a indiqu\u00e9 Fr\u00e9d\u00e9ric Arpinon, le directeur sportif messin.<\/p>\n<p>\u00c0 Villeneuve-d\u2019Ascq, <a href=\"https:\/\/www.republicain-lorrain.fr\/p\/stephane-le-mignan\" target=\"_blank\" rel=\"noopener\">St\u00e9phane Le Mignan<\/a> va devoir \u00e9galement ses passer des services des absents de longue date que sont Michel Mboula (ischio-jambiers), Malick Mbaye (pied, en phase de reprise) et Joseph Mangondo qui vient de subir une intervention chirurgicale \u00e0 un genou. L\u2019indisponibilit\u00e9 du jeune attaquant est estim\u00e9e \u00e0 au moins deux mois.<\/p>\n<p>  Fod\u00e9 Ballo-Tour\u00e9 forfait, Boubacar Traor\u00e9 incertain<\/p>\n<p>La mauvaise nouvelle de la semaine concerne Fod\u00e9 Ballo-Tour\u00e9, qui s\u2019est bless\u00e9 ce mercredi \u00e0 l\u2019entra\u00eenement. Le lat\u00e9ral gauche messin est touch\u00e9 aux ischio-jambiers et sera absent au moins quinze jours.<\/p>\n<p>Enfin, Boubacar Traor\u00e9 est incertain pour cette rencontre \u00e0 Lille. Le milieu de terrain est malade (\u00e9tat grippal) depuis plusieurs jours.<\/p>\n","protected":false},"excerpt":{"rendered":"Pour le d\u00e9placement sur la pelouse du LOSC, ce dimanche (15h), le FC Metz devra composer avec plusieurs&hellip;\n","protected":false},"author":2,"featured_media":486951,"comment_status":"","ping_status":"","sticky":false,"template":"","format":"standard","meta":{"footnotes":""},"categories":[2815],"tags":[1111,11,5598,1777,674,8113,107,1701,63,1011,27,811,7020,1307,6212,5599,8112,12,25,517,1700],"class_list":{"0":"post-486950","1":"post","2":"type-post","3":"status-publish","4":"format-standard","5":"has-post-thumbnail","7":"category-lille","8":"tag-actu","9":"tag-actualites","10":"tag-edition-metz-et-agglomeration","11":"tag-eu","12":"tag-europe","13":"tag-fc-metz","14":"tag-fil-info","15":"tag-fil-info-sport","16":"tag-football","17":"tag-fr","18":"tag-france","19":"tag-hauts-de-france","20":"tag-ligue-1-football","21":"tag-lille","22":"tag-metz","23":"tag-moselle","24":"tag-moselle-est","25":"tag-news","26":"tag-republique-francaise","27":"tag-sport","28":"tag-sport-lorrain"},"share_on_mastodon":{"url":"https:\/\/pubeurope.com\/@fr\/115429606935056865","error":""},"_links":{"self":[{"href":"https:\/\/www.europesays.com\/fr\/wp-json\/wp\/v2\/posts\/486950","targetHints":{"allow":["GET"]}}],"collection":[{"href":"https:\/\/www.europesays.com\/fr\/wp-json\/wp\/v2\/posts"}],"about":[{"href":"https:\/\/www.europesays.com\/fr\/wp-json\/wp\/v2\/types\/post"}],"author":[{"embeddable":true,"href":"https:\/\/www.europesays.com\/fr\/wp-json\/wp\/v2\/users\/2"}],"replies":[{"embeddable":true,"href":"https:\/\/www.europesays.com\/fr\/wp-json\/wp\/v2\/comments?post=486950"}],"version-history":[{"count":0,"href":"https:\/\/www.europesays.com\/fr\/wp-json\/wp\/v2\/posts\/486950\/revisions"}],"wp:featuredmedia":[{"embeddable":true,"href":"https:\/\/www.europesays.com\/fr\/wp-json\/wp\/v2\/media\/486951"}],"wp:attachment":[{"href":"https:\/\/www.europesays.com\/fr\/wp-json\/wp\/v2\/media?parent=486950"}],"wp:term":[{"taxonomy":"category","embeddable":true,"href":"https:\/\/www.europesays.com\/fr\/wp-json\/wp\/v2\/categories?post=486950"},{"taxonomy":"post_tag","embeddable":true,"href":"https:\/\/www.europesays.com\/fr\/wp-json\/wp\/v2\/tags?post=486950"}],"curies":[{"name":"wp","href":"https:\/\/api.w.org\/{rel}","templated":true}]}}