{"id":486954,"date":"2025-10-24T14:27:11","date_gmt":"2025-10-24T14:27:11","guid":{"rendered":"https:\/\/www.europesays.com\/fr\/486954\/"},"modified":"2025-10-24T14:27:11","modified_gmt":"2025-10-24T14:27:11","slug":"un-exces-de-zele-selon-cette-avocate","status":"publish","type":"post","link":"https:\/\/www.europesays.com\/fr\/486954\/","title":{"rendered":"\u00ab\u00a0Un exc\u00e8s de z\u00e8le\u00a0\u00bb, selon cette avocate"},"content":{"rendered":"<p>            Par<br \/>\n        <strong><br \/>\n            <a href=\"https:\/\/actu.fr\/auteur\/fabien-binacchi\" title=\"Consulter tous les articles de Fabien Binacchi\" target=\"_blank\" rel=\"noopener\">Fabien Binacchi<\/a><br \/>\n        <\/strong><\/p>\n<p>        Publi\u00e9 le<\/p>\n<p>            24 oct. 2025 \u00e0 16h20        <\/p>\n<p>La vive pol\u00e9mique lanc\u00e9e par la droite apr\u00e8s <a href=\"https:\/\/actu.fr\/provence-alpes-cote-d-azur\/marseille_13055\/marseille-vive-polemique-apres-l-annulation-d-un-film-catholique-benoit-payan-vise-consternation_63339420.html\" target=\"_blank\" rel=\"noopener\">l\u2019annulation de la diffusion du film documentaire Sacr\u00e9 C\u0153ur,<\/a> le mercredi 22\u00a0octobre 2025, au Ch\u00e2teau de la Buzine, n\u2019en finit plus d\u2019enflammer les passions \u00e0 <a href=\"https:\/\/actu.fr\/marseille\/\" target=\"_blank\" rel=\"noopener\">Marseille.<\/a> La patronne de la m\u00e9tropole et du d\u00e9partement Martine Vassal, <a href=\"https:\/\/actu.fr\/marseille\/politique\/elections-municipales\" target=\"_blank\" rel=\"noopener\">candidate aux prochaines municipales<\/a>, d\u00e9non\u00e7ant <strong>la \u00ab\u2009la\u00efcit\u00e9 \u00e0 sens unique\u2009\u00bb<\/strong> du maire <a href=\"https:\/\/actu.fr\/tag\/benoit-payan\" target=\"_blank\" rel=\"noopener\">Beno\u00eet Payan.<\/a> La Ville, elle, d\u00e9fend une d\u00e9cision prise dans le cadre \u00ab\u2009de l\u2019application absolue de la loi\u2009\u00bb et assure qu\u2019\u00ab\u2009un \u00e9quipement public ne peut accueillir des projections qui [\u2026] soient de nature confessionnelle\u2009\u00bb. Me Ma\u00eblle Comte, avocate associ\u00e9e au sein du cabinet Admys \u00e0 Lyon et coresponsable du DU \u00ab\u2009La\u00efcit\u00e9 et libert\u00e9 religieuse\u2009\u00bb \u00e0 l\u2019universit\u00e9 Jean Monnet de Saint-Etienne, livre son \u00e9clairage \u00e0 actu Marseille.<\/p>\n<p>Une \u0153uvre confessionnelle, mais surtout artistique\u2009?<\/p>\n<p class=\" wall-content\">Le film de Sabrina et Steven Gunnell, ex-membre du Boys band d\u2019Alliage, \u00e9tait bien \u00e0 l\u2019affiche du ch\u00e2teau de la Buzine, dans le 11e arrondissement de Marseille, ce mercredi 22 octobre 2025. Une s\u00e9ance finalement annul\u00e9e <strong>une heure avant<\/strong> par la municipalit\u00e9, propri\u00e9taire des lieux et qui d\u00e9l\u00e8gue leur exploitation \u00e0 une association.<\/p>\n<p class=\" wall-content\">Mais \u00ab\u2009cette d\u00e9programmation n\u2019a rien \u00e0 voir avec une appr\u00e9ciation du film ou une volont\u00e9 de restreindre la libert\u00e9 d\u2019expression ou de cr\u00e9ation\u2009\u00bb, a-t-elle appuy\u00e9 apr\u00e8s les r\u00e9actions enflamm\u00e9es \u00e0 droite. \u00ab\u2009Elle r\u00e9pond uniquement \u00e0 une exigence juridique\u2009\u00bb.<\/p>\n<p class=\" wall-content\">Face \u00e0 ces opposants, la mairie s\u2019appuie sur <a href=\"https:\/\/www.legifrance.gouv.fr\/loda\/id\/JORFTEXT000000508749\/2025-10-24\" target=\"_blank\" rel=\"noopener\">la loi du 9\u00a0d\u00e9cembre 1905<\/a> qui stipule, selon elle, qu\u2019\u00ab\u2009un \u00e9quipement public ne peut accueillir des projections qui, par leur caract\u00e8re ou leur contenu, soient <strong>de nature confessionnelle<\/strong>\u2009\u00bb.<\/p>\n<p>    <img   decoding=\"async\" loading=\"lazy\" src=\"https:\/\/www.europesays.com\/fr\/wp-content\/uploads\/2025\/10\/sacrecoeur01004153-960x640.jpg\" alt=\"Un extrait du film Sacr\u00e9 coeur, r\u00e9alis\u00e9 par Sabrina et Steven Gunnell.\" width=\"960\" height=\"640\"\/><br \/>\n    Un extrait du film Sacr\u00e9 coeur, r\u00e9alis\u00e9 par Sabrina et Steven Gunnell. (\u00a9Saje distribution )<\/p>\n<p class=\" wall-content\">Sacr\u00e9 c\u0153ur, largement financ\u00e9 par Canal+, propri\u00e9t\u00e9 de Vincent Bollor\u00e9 (qui est d\u2019ailleurs remerci\u00e9 en son nom propre au g\u00e9n\u00e9rique), est pr\u00e9sent\u00e9 par son distributeur comme <strong>un \u00ab\u2009docu-fiction saisissant\u2009\u00bb<\/strong> sur \u00ab\u2009le myst\u00e8re du Sacr\u00e9-C\u0153ur de J\u00e9sus\u2009\u00bb. Le film \u00ab\u2009nous r\u00e9v\u00e8le son Amour personnel et inconditionnel\u2009\u00bb, d\u00e9crit Saje distribution.<\/p>\n<p class=\" wall-content\">Pour autant, l\u2019interpr\u00e9tation de la mairie est fortement nuanc\u00e9e par Me Ma\u00eblle Comte\u2009: \u00ab\u2009Il y a effectivement un principe de neutralit\u00e9 du service public. On ne peut effectivement pas mettre en avant d\u2019\u00e9v\u00e9nements religieux. Mais dans ce cas pr\u00e9cis, nous parlons d\u2019<strong>une \u0153uvre artistique<\/strong>\u2009\u00bb, avance cette sp\u00e9cialiste du droit public, interrog\u00e9e par actu Marseille.<\/p>\n<p>Votre r\u00e9gion, votre actu !<\/p>\n<p>Recevez chaque jour les infos qui comptent pour vous.<\/p>\n<p>\t<a href=\"https:\/\/actu.fr\/newsletter\" class=\"ac-btn ac-btn--corner ac-btn--medium ac-btn--blue800\" target=\"_blank\" rel=\"noopener\">S&rsquo;incrire<\/a><br \/>\n\u00ab\u2009Une interpr\u00e9tation excessive de la neutralit\u00e9\u2009\u00bb<\/p>\n<p class=\" wall-content\">Ce qui change tout, selon elle. L\u2019avocate \u00e9voque <a href=\"https:\/\/www.legifrance.gouv.fr\/loda\/article_lc\/LEGIARTI000006340360\" target=\"_blank\" rel=\"noopener\">l\u2019article\u00a028<\/a> de la fameuse loi \u00ab\u2009concernant la s\u00e9paration des \u00c9glises et de l\u2019\u00c9tat\u2009\u00bb. \u00ab\u2009Il est interdit [\u2026] d\u2019\u00e9lever ou d\u2019apposer aucun signe ou embl\u00e8me religieux sur les monuments publics ou en quelque emplacement public que ce soit, \u00e0 l\u2019exception [\u2026] des mus\u00e9es ou expositions\u2009\u00bb, d\u00e9veloppe le texte. <strong>\u00ab\u2009Soit quand cela touche \u00e0 la culture, ce qui est le cas ici\u2009\u00bb,<\/strong> appuie-t-elle encore.<\/p>\n<p class=\" wall-content\">De fait, pour Me Ma\u00eblle Comte, la d\u00e9cision de la municipalit\u00e9 rel\u00e8ve d\u2019<strong>\u00ab\u2009un exc\u00e8s de z\u00e8le\u2009\u00bb<\/strong> ou au moins d\u2019\u00ab\u2009une interpr\u00e9tation excessive de la neutralit\u00e9\u2009\u00bb.<\/p>\n<blockquote class=\"ac-article-quote wall-content\">\n<p>S\u2019ils avaient maintenu la diffusion, le pr\u00e9fet, s&rsquo;il le jugeait n\u00e9cessaire, aurait pu saisir le tribunal administratif en r\u00e9f\u00e9r\u00e9-la\u00efcit\u00e9. Un particulier\u00a0aurait \u00e9galement pu faire appel \u00e0 la juridiction. Mais, selon la loi, on est dans ce qui rel\u00e8ve de la culture.<\/p>\n<p>    <strong>Me Maelle Comte<\/strong>\n            <\/p><\/blockquote>\n<p class=\" wall-content\">D\u2019autres institutions publiques avaient pourtant pris les m\u00eames pr\u00e9cautions que la mairie de Marseille. La SNCF et la RATP avaient refus\u00e9 de r\u00e9aliser une campagne d\u2019affichage dans ces stations et gares au vu du \u00ab\u2009caract\u00e8re confessionnel et pros\u00e9lyte\u2009\u00bb <a href=\"https:\/\/www.lefigaro.fr\/actualite-france\/jugee-trop-confessionnelle-et-proselyte-la-campagne-d-affichage-du-film-sacre-coeur-interdite-par-la-sncf-et-la-ratp-20250930\" target=\"_blank\" rel=\"noopener\">du projet.<\/a><\/p>\n<p>\u00ab\u2009Ils censurent, nous diffusons\u2009\u00bb<\/p>\n<p class=\" wall-content\">Dans la cit\u00e9 phoc\u00e9enne, \u00e0 cinq mois des \u00e9lections municipales et alors que <strong>la campagne gagne en intensit\u00e9,<\/strong> la droite et l\u2019extr\u00eame-droite se sont en tout cas empar\u00e9es du sujet. \u00ab\u2009Beno\u00eet Payan, c\u2019est quoi la prochaine \u00e9tape\u2009? D\u00e9boulonner la Bonne M\u00e8re\u2009?\u2009\u00bb, a \u00e9crit sur X le candidat RN Franck Allisio.<\/p>\n<p class=\" wall-content\">\n<p class=\" wall-content\">Le s\u00e9nateur St\u00e9phane Ravier, qui lui apporte son soutien, annonce m\u00eame avoir d\u00e9pos\u00e9 <strong>un r\u00e9f\u00e9r\u00e9-libert\u00e9 contre la d\u00e9cision de la mairie<\/strong> devant le tribunal administratif. \u00ab\u2009Je ne laisserai pas passer cette atteinte grave et manifestement ill\u00e9gale aux libert\u00e9s d\u2019expression, de r\u00e9union, de cr\u00e9ation et de diffusion artistique\u2009\u00bb, a-t-il expliqu\u00e9.<\/p>\n<p class=\" wall-content\">Martine Vassal a de son c\u00f4t\u00e9 fait savoir qu\u2019elle assisterait, ce vendredi soir, \u00e0 une projection du documentaire organis\u00e9e dans un cin\u00e9ma Path\u00e9 de la ville, en compagnie d\u2019autres \u00e9lus de son camp.<\/p>\n<p class=\" wall-content\">\n<p class=\" wall-content\">\u00ab\u2009Ils censurent, nous diffusons. <strong>Ils sont woke, nous sommes sens\u00e9s.<\/strong> Ils renient nos racines, nous les d\u00e9fendons. Le film Sacr\u00e9-C\u0153ur sera le bienvenu sur notre territoire\u2009\u00bb, a-t-elle aussi tweet\u00e9. Et d\u2019assurer\u2009: \u00ab\u2009Nous prendrons contact avec le producteur pour organiser des projections\u2009\u00bb.<\/p>\n<p class=\" wall-content\">Personnalisez votre actualit\u00e9 en ajoutant vos villes et m\u00e9dias en favori avec <a href=\"https:\/\/moncompte.actu.fr\" title=\"D\u00e9couvez Mon Actu\" rel=\"nofollow noopener\" data-trk=\"{&quot;cta&quot;:{&quot;action&quot;:&quot;https:\\\/\\\/moncompte.actu.fr&quot;,&quot;category&quot;:&quot;mon compte&quot;,&quot;from&quot;:&quot;article footer&quot;,&quot;name&quot;:&quot;Mon actu&quot;,&quot;type&quot;:&quot;cta&quot;}}\" target=\"_blank\">Mon Actu<\/a>.<\/p>\n","protected":false},"excerpt":{"rendered":"Par Fabien Binacchi Publi\u00e9 le 24 oct. 2025 \u00e0 16h20 La vive pol\u00e9mique lanc\u00e9e par la droite apr\u00e8s&hellip;\n","protected":false},"author":2,"featured_media":486955,"comment_status":"","ping_status":"","sticky":false,"template":"","format":"standard","meta":{"footnotes":""},"categories":[2814],"tags":[1111,11,6469,650,1777,674,1011,27,884,12,882,4020,25,104],"class_list":{"0":"post-486954","1":"post","2":"type-post","3":"status-publish","4":"format-standard","5":"has-post-thumbnail","7":"category-marseille","8":"tag-actu","9":"tag-actualites","10":"tag-benoit-payan","11":"tag-cinema","12":"tag-eu","13":"tag-europe","14":"tag-fr","15":"tag-france","16":"tag-marseille","17":"tag-news","18":"tag-provence-alpes-cote-dazur","19":"tag-religion","20":"tag-republique-francaise","21":"tag-societe"},"share_on_mastodon":{"url":"https:\/\/pubeurope.com\/@fr\/115429615405775480","error":""},"_links":{"self":[{"href":"https:\/\/www.europesays.com\/fr\/wp-json\/wp\/v2\/posts\/486954","targetHints":{"allow":["GET"]}}],"collection":[{"href":"https:\/\/www.europesays.com\/fr\/wp-json\/wp\/v2\/posts"}],"about":[{"href":"https:\/\/www.europesays.com\/fr\/wp-json\/wp\/v2\/types\/post"}],"author":[{"embeddable":true,"href":"https:\/\/www.europesays.com\/fr\/wp-json\/wp\/v2\/users\/2"}],"replies":[{"embeddable":true,"href":"https:\/\/www.europesays.com\/fr\/wp-json\/wp\/v2\/comments?post=486954"}],"version-history":[{"count":0,"href":"https:\/\/www.europesays.com\/fr\/wp-json\/wp\/v2\/posts\/486954\/revisions"}],"wp:featuredmedia":[{"embeddable":true,"href":"https:\/\/www.europesays.com\/fr\/wp-json\/wp\/v2\/media\/486955"}],"wp:attachment":[{"href":"https:\/\/www.europesays.com\/fr\/wp-json\/wp\/v2\/media?parent=486954"}],"wp:term":[{"taxonomy":"category","embeddable":true,"href":"https:\/\/www.europesays.com\/fr\/wp-json\/wp\/v2\/categories?post=486954"},{"taxonomy":"post_tag","embeddable":true,"href":"https:\/\/www.europesays.com\/fr\/wp-json\/wp\/v2\/tags?post=486954"}],"curies":[{"name":"wp","href":"https:\/\/api.w.org\/{rel}","templated":true}]}}