{"id":486956,"date":"2025-10-24T14:28:15","date_gmt":"2025-10-24T14:28:15","guid":{"rendered":"https:\/\/www.europesays.com\/fr\/486956\/"},"modified":"2025-10-24T14:28:15","modified_gmt":"2025-10-24T14:28:15","slug":"ce-media-lyonnais-publie-un-faux-projet-de-pietonnisation-invente-par-une-ia","status":"publish","type":"post","link":"https:\/\/www.europesays.com\/fr\/486956\/","title":{"rendered":"ce m\u00e9dia lyonnais publie un faux projet de pi\u00e9tonnisation\u2026 invent\u00e9 par une IA"},"content":{"rendered":"<p>Alors que la campagne municipale s\u2019annonce \u00e9lectrique \u00e0 Lyon, un \u00e9pisode de d\u00e9sinformation vient troubler le paysage m\u00e9diatique local. Le m\u00e9dia Le Bonbon Lyon a publi\u00e9 ce jeudi 23\u00a0octobre un article sur un pr\u00e9tendu projet de pi\u00e9tonnisation de la rue du Pr\u00e9sident-\u00c9douard-Herriot, avant de le supprimer en urgence.<\/p>\n<p>La raison\u00a0: sa source initiale, le site Version Standard, semble \u00eatre <a href=\"https:\/\/versionstandard.fr\/2025\/10\/20\/a-lyon-cette-rue-emblematique-pourrait-devenir-pietonne-dici-2026-les-habitants-partages\/\" target=\"_blank\" rel=\"nofollow noopener\">un texte enti\u00e8rement g\u00e9n\u00e9r\u00e9 par intelligence artificielle<\/a>. L\u2019affaire a pouss\u00e9 la M\u00e9tropole \u00e0 d\u00e9mentir publiquement toute intention de transformer cette art\u00e8re de la ville.<\/p>\n<p>  \u00ab\u00a0On en est donc l\u00e0\u00a0\u00bb<\/p>\n<p>\u00ab\u00a0On en est donc l\u00e0\u00a0: il faut d\u00e9sormais d\u00e9mentir non seulement les mensonges de nos opposants, mais aussi les d\u00e9lires de l\u2019intelligence artificielle\u00a0\u00bb, a r\u00e9agi <a href=\"https:\/\/www.leprogres.fr\/p\/bruno-bernard\" target=\"_blank\" rel=\"nofollow noopener\">Bruno Bernard<\/a>, pr\u00e9sident de la M\u00e9tropole, dans un message publi\u00e9 sur le r\u00e9seau X. \u00ab\u00a0Des articles sortent aujourd\u2019hui sur des projets\u2026 invent\u00e9s de toutes pi\u00e8ces par une IA. Ce n\u2019est pas s\u00e9rieux.\u00a0\u00bb<\/p>\n<p>Ce contenu est bloqu\u00e9 car vous n&rsquo;avez pas accept\u00e9 les cookies et autres traceurs.<\/p>\n<p>En cliquant sur \u00ab J\u2019accepte \u00bb, les cookies et autres traceurs seront d\u00e9pos\u00e9s et vous pourrez visualiser les contenus  (<a href=\"\" class=\"consentModule_policy\" target=\"_blank\" title=\"Consulter la politique de protection des donn\u00e9es du fournisseur\">plus d&rsquo;informations<\/a>).<\/p>\n<p>En cliquant sur \u00ab J\u2019accepte tous les cookies \u00bb, vous autorisez des d\u00e9p\u00f4ts de cookies et autres traceurs pour le stockage de vos donn\u00e9es sur nos sites et applications \u00e0 des fins de personnalisation et de ciblage publicitaire.<\/p>\n<p class=\"consentModule_secondaryText\">Vous gardez la possibilit\u00e9 de retirer votre consentement \u00e0 tout moment en consultant notre <a href=\"https:\/\/www.leprogres.fr\/protection-des-donnees\" target=\"_blank\" title=\"Consulter notre politique de protection des donn\u00e9es\" rel=\"nofollow noopener\">politique de protection des donn\u00e9es<\/a>. <br \/>&#13;<br \/>\n            <a href=\"https:\/\/www.leprogres.fr\/faits-divers-justice\/2025\/10\/24\/javascript:Didomi.notice.show()\" class=\"consentModule_cmp\" rel=\"nofollow noopener\" target=\"_blank\">G\u00e9rer mes choix<\/a>&#13;\n        <\/p>\n<p>&#13;<br \/>\n                        J&rsquo;accepte&#13;<br \/>\n            J&rsquo;accepte tous les cookies&#13;\n        <\/p>\n<p>  Un sympt\u00f4me alarmant de la d\u00e9sinformation automatis\u00e9e<\/p>\n<p>Dans son article d\u00e9sormais supprim\u00e9, Le Bonbon Lyon affirmait que Ville et M\u00e9tropole travaillaient \u00e0 une large pi\u00e9tonnisation de la rue du Pr\u00e9sident-\u00c9douard-Herriot \u00e0 l\u2019horizon 2026, citant plusieurs \u00ab\u00a0habitants\u00a0\u00bb et \u00ab\u00a0commer\u00e7ants\u00a0\u00bb aux r\u00e9actions contrast\u00e9es.<\/p>\n<p>Probl\u00e8me\u00a0: ces t\u00e9moignages, comme l\u2019ensemble du texte, provenaient d\u2019un article publi\u00e9 sur Version Standard, un site incongru m\u00ealant chroniques de jazz et actualit\u00e9s locales, dont le contenu est, notamment selon <a href=\"https:\/\/www.leparisien.fr\/high-tech\/invente-de-toutes-pieces-par-ia-la-metropole-de-lyon-dement-un-article-sur-la-pietonnisation-dune-rue-emblematique-23-10-2025-PXR4YZO6A5DALPWZJFTGMRBU7M.php\" target=\"_blank\" rel=\"nofollow noopener\">les constatations du <\/a><a href=\"https:\/\/www.leparisien.fr\/high-tech\/invente-de-toutes-pieces-par-ia-la-metropole-de-lyon-dement-un-article-sur-la-pietonnisation-dune-rue-emblematique-23-10-2025-PXR4YZO6A5DALPWZJFTGMRBU7M.php\" target=\"_blank\" rel=\"nofollow noopener\">Parisien<\/a>, g\u00e9n\u00e9r\u00e9 par IA.\u00a0<\/p>\n<p>Du c\u00f4t\u00e9 de la collectivit\u00e9, on d\u00e9plore \u00ab\u00a0la diffusion de fausses rumeurs infond\u00e9es\u00a0\u00bb et on souligne la gravit\u00e9 du ph\u00e9nom\u00e8ne\u00a0: \u00e0 l\u2019aube d\u2019une p\u00e9riode \u00e9lectorale, \u00ab\u00a0ces contenus peuvent profond\u00e9ment alt\u00e9rer la confiance dans l\u2019information\u00a0\u00bb, a indiqu\u00e9 l\u2019entourage de Bruno Bernard au Parisien.<\/p>\n","protected":false},"excerpt":{"rendered":"Alors que la campagne municipale s\u2019annonce \u00e9lectrique \u00e0 Lyon, un \u00e9pisode de d\u00e9sinformation vient troubler le paysage m\u00e9diatique&hellip;\n","protected":false},"author":2,"featured_media":486957,"comment_status":"","ping_status":"","sticky":false,"template":"","format":"standard","meta":{"footnotes":""},"categories":[1889],"tags":[1111,11,2430,2757,1777,674,274,107,1011,27,2428,2756,12,25,2429,104,2205],"class_list":{"0":"post-486956","1":"post","2":"type-post","3":"status-publish","4":"format-standard","5":"has-post-thumbnail","7":"category-lyon","8":"tag-actu","9":"tag-actualites","10":"tag-auvergne-rhone-alpes","11":"tag-edition-lyon-villeurbanne","12":"tag-eu","13":"tag-europe","14":"tag-faits-divers-justice","15":"tag-fil-info","16":"tag-fr","17":"tag-france","18":"tag-lyon","19":"tag-lyon-bassin","20":"tag-news","21":"tag-republique-francaise","22":"tag-rhone","23":"tag-societe","24":"tag-television-medias"},"share_on_mastodon":{"url":"https:\/\/pubeurope.com\/@fr\/115429618852786624","error":""},"_links":{"self":[{"href":"https:\/\/www.europesays.com\/fr\/wp-json\/wp\/v2\/posts\/486956","targetHints":{"allow":["GET"]}}],"collection":[{"href":"https:\/\/www.europesays.com\/fr\/wp-json\/wp\/v2\/posts"}],"about":[{"href":"https:\/\/www.europesays.com\/fr\/wp-json\/wp\/v2\/types\/post"}],"author":[{"embeddable":true,"href":"https:\/\/www.europesays.com\/fr\/wp-json\/wp\/v2\/users\/2"}],"replies":[{"embeddable":true,"href":"https:\/\/www.europesays.com\/fr\/wp-json\/wp\/v2\/comments?post=486956"}],"version-history":[{"count":0,"href":"https:\/\/www.europesays.com\/fr\/wp-json\/wp\/v2\/posts\/486956\/revisions"}],"wp:featuredmedia":[{"embeddable":true,"href":"https:\/\/www.europesays.com\/fr\/wp-json\/wp\/v2\/media\/486957"}],"wp:attachment":[{"href":"https:\/\/www.europesays.com\/fr\/wp-json\/wp\/v2\/media?parent=486956"}],"wp:term":[{"taxonomy":"category","embeddable":true,"href":"https:\/\/www.europesays.com\/fr\/wp-json\/wp\/v2\/categories?post=486956"},{"taxonomy":"post_tag","embeddable":true,"href":"https:\/\/www.europesays.com\/fr\/wp-json\/wp\/v2\/tags?post=486956"}],"curies":[{"name":"wp","href":"https:\/\/api.w.org\/{rel}","templated":true}]}}