{"id":486962,"date":"2025-10-24T14:31:11","date_gmt":"2025-10-24T14:31:11","guid":{"rendered":"https:\/\/www.europesays.com\/fr\/486962\/"},"modified":"2025-10-24T14:31:11","modified_gmt":"2025-10-24T14:31:11","slug":"la-meteo-automnale-sinstalle-ce-week-end-a-paris-et-en-ile-de-france","status":"publish","type":"post","link":"https:\/\/www.europesays.com\/fr\/486962\/","title":{"rendered":"la m\u00e9t\u00e9o automnale s&rsquo;installe ce week-end \u00e0 Paris et en \u00cele-de-France"},"content":{"rendered":"<p>            Par<br \/>\n        <strong><br \/>\n            <a href=\"https:\/\/actu.fr\/auteur\/redaction-paris\" title=\"Consulter tous les articles de R\u00e9daction Paris\" rel=\"nofollow noopener\" target=\"_blank\">R\u00e9daction Paris<\/a><br \/>\n        <\/strong><\/p>\n<p>        Publi\u00e9 le<\/p>\n<p>            24 oct. 2025 \u00e0 15h36        <\/p>\n<p>Apr\u00e8s avoir balay\u00e9 la France, la <a href=\"https:\/\/actu.fr\/meteo\/tempete-benjamin-face-a-son-intensite-meteo-france-place-paris-et-l-ile-de-france-en-vigilance_63334551.html\" rel=\"nofollow noopener\" target=\"_blank\">temp\u00eate Benjamin<\/a> s\u2019en est all\u00e9e, laissant derri\u00e8re elle un courant d\u2019air tr\u00e8s frais qui va <strong>faire chuter les temp\u00e9ratures<\/strong> dans une grande partie du pays. Paris et l\u2019\u00cele-de-France vont-elles b\u00e9n\u00e9ficier d\u2019un traitement de faveur\u2009?<\/p>\n<p>Toujours un peu de vent<\/p>\n<p class=\" wall-content\">D\u2019apr\u00e8s les pr\u00e9visions de <a href=\"https:\/\/actu.fr\/tag\/meteo-france\" rel=\"nofollow noopener\" target=\"_blank\">M\u00e9t\u00e9o-France<\/a>, le <a href=\"https:\/\/actu.fr\/tag\/froid\" rel=\"nofollow noopener\" target=\"_blank\">froid<\/a> va s\u2019inviter ce week-end et la <a href=\"https:\/\/actu.fr\/paris\/meteo\" rel=\"nofollow noopener\" target=\"_blank\">m\u00e9t\u00e9o<\/a> sera sensiblement la m\u00eame que ce vendredi 24\u00a0octobre 2025, le <strong>soleil<\/strong> en moins.<\/p>\n<p class=\" wall-content\">Demain, samedi 25\u00a0octobre 2025, le ciel sera \u00ab\u2009encombr\u00e9 de nuages et de pluies faibles\u2009\u00bb d\u00e8s le milieu de journ\u00e9e, pr\u00e9voit l\u2019institut de m\u00e9t\u00e9orologie. Le vent soufflera jusqu\u2019\u00e0 45\u00a0km\/h et les thermom\u00e8tres afficheront entre <strong>10\u00b0C<\/strong> et <strong>14\u00b0C<\/strong>.<\/p>\n<p class=\" wall-content\">Dimanche 26\u00a0octobre 2025, quelques degr\u00e9s se seront perdus dans la nuit\u2009: il fera entre <strong>8\u00b0C<\/strong> et <strong>12\u00b0C,<\/strong> mais le soleil sera de retour. M\u00e9t\u00e9o-France annonce \u00ab\u2009un beau temps sec et ensoleill\u00e9\u2009\u00bb au moins jusqu\u2019\u00e0 l\u2019apr\u00e8s-midi. L\u00e0, les nuages feront leur retour.<\/p>\n<p class=\" wall-content\">Personnalisez votre actualit\u00e9 en ajoutant vos villes et m\u00e9dias en favori avec <a href=\"https:\/\/moncompte.actu.fr\" title=\"D\u00e9couvez Mon Actu\" rel=\"nofollow noopener\" data-trk=\"{&quot;cta&quot;:{&quot;action&quot;:&quot;https:\\\/\\\/moncompte.actu.fr&quot;,&quot;category&quot;:&quot;mon compte&quot;,&quot;from&quot;:&quot;article footer&quot;,&quot;name&quot;:&quot;Mon actu&quot;,&quot;type&quot;:&quot;cta&quot;}}\" target=\"_blank\">Mon Actu<\/a>.<\/p>\n","protected":false},"excerpt":{"rendered":"Par R\u00e9daction Paris Publi\u00e9 le 24 oct. 2025 \u00e0 15h36 Apr\u00e8s avoir balay\u00e9 la France, la temp\u00eate Benjamin&hellip;\n","protected":false},"author":2,"featured_media":486963,"comment_status":"","ping_status":"","sticky":false,"template":"","format":"standard","meta":{"footnotes":""},"categories":[1592],"tags":[1111,11,1777,674,1011,27,3447,662,2487,2357,12,626,25],"class_list":{"0":"post-486962","1":"post","2":"type-post","3":"status-publish","4":"format-standard","5":"has-post-thumbnail","7":"category-ile-de-france","8":"tag-actu","9":"tag-actualites","10":"tag-eu","11":"tag-europe","12":"tag-fr","13":"tag-france","14":"tag-froid","15":"tag-ile-de-france","16":"tag-meteo","17":"tag-meteo-france","18":"tag-news","19":"tag-paris","20":"tag-republique-francaise"},"share_on_mastodon":{"url":"https:\/\/pubeurope.com\/@fr\/115429630535246357","error":""},"_links":{"self":[{"href":"https:\/\/www.europesays.com\/fr\/wp-json\/wp\/v2\/posts\/486962","targetHints":{"allow":["GET"]}}],"collection":[{"href":"https:\/\/www.europesays.com\/fr\/wp-json\/wp\/v2\/posts"}],"about":[{"href":"https:\/\/www.europesays.com\/fr\/wp-json\/wp\/v2\/types\/post"}],"author":[{"embeddable":true,"href":"https:\/\/www.europesays.com\/fr\/wp-json\/wp\/v2\/users\/2"}],"replies":[{"embeddable":true,"href":"https:\/\/www.europesays.com\/fr\/wp-json\/wp\/v2\/comments?post=486962"}],"version-history":[{"count":0,"href":"https:\/\/www.europesays.com\/fr\/wp-json\/wp\/v2\/posts\/486962\/revisions"}],"wp:featuredmedia":[{"embeddable":true,"href":"https:\/\/www.europesays.com\/fr\/wp-json\/wp\/v2\/media\/486963"}],"wp:attachment":[{"href":"https:\/\/www.europesays.com\/fr\/wp-json\/wp\/v2\/media?parent=486962"}],"wp:term":[{"taxonomy":"category","embeddable":true,"href":"https:\/\/www.europesays.com\/fr\/wp-json\/wp\/v2\/categories?post=486962"},{"taxonomy":"post_tag","embeddable":true,"href":"https:\/\/www.europesays.com\/fr\/wp-json\/wp\/v2\/tags?post=486962"}],"curies":[{"name":"wp","href":"https:\/\/api.w.org\/{rel}","templated":true}]}}