{"id":486966,"date":"2025-10-24T14:33:16","date_gmt":"2025-10-24T14:33:16","guid":{"rendered":"https:\/\/www.europesays.com\/fr\/486966\/"},"modified":"2025-10-24T14:33:16","modified_gmt":"2025-10-24T14:33:16","slug":"les-17-installations-ephemeres-a-ne-pas-manquer-cette-semaine-a-paris","status":"publish","type":"post","link":"https:\/\/www.europesays.com\/fr\/486966\/","title":{"rendered":"Les 17 installations \u00e9ph\u00e9m\u00e8res \u00e0 ne pas manquer cette semaine \u00e0 Paris"},"content":{"rendered":"<p><strong>Les 17 installations \u00e0 ne pas manquer cette semaine \u00e0 Paris<\/strong><\/p>\n<p>\u00c0 l\u2019occasion d\u2019<a href=\"https:\/\/www.admagazine.fr\/article\/art-basel-paris-2025-coups-coeur-redaction\" target=\"_blank\" rel=\"noopener\">Art Basel<\/a> Paris et de <a href=\"https:\/\/www.admagazine.fr\/article\/les-plus-belles-pieces-design-miami-2024\" target=\"_blank\" rel=\"noopener\">Design Miami<\/a>, les galeries, appartements et <a href=\"https:\/\/www.admagazine.fr\/article\/hotels-particuliers-parisiens-grandes-femmes-aristocratie\" target=\"_blank\" rel=\"noopener\">h\u00f4tels particuliers<\/a> se transforment en laboratoires d\u2019id\u00e9es o\u00f9 le design flirte avec l\u2019art contemporain. Loin du tumulte des foires, ces rendez-vous plus confidentiels offrent un autre regard sur la cr\u00e9ation. Paris se fait galerie \u00e0 ciel ouvert, r\u00e9v\u00e9lant une nouvelle g\u00e9n\u00e9ration de talents et d\u2019espaces \u00e0 explorer.<\/p>\n<p><img decoding=\"async\" alt=\"Dimorestudio x Yves Salomon Editions prsentent leur nouvelle collection \u00e0 Paris\" loading=\"lazy\" class=\"ResponsiveImageContainer-eNxvmU cfBbTk responsive-image__image\"   src=\"https:\/\/www.europesays.com\/fr\/wp-content\/uploads\/2025\/10\/_1.Dimore%20x%20Yves%20Salomon%20Editions_20251018_MATTEOVERZINI_YVESSALOMONEDITIONS_DIMORESTUDIO_00.jpeg\"\/><\/p>\n<p>\u00a9 Matteo Verzini<\/p>\n<p><strong>Dimorestudio x Yves Salomon \u00c9ditions<\/strong><\/p>\n<p>Dans \u00ab Un Souffle de Vent \u00bb, <a href=\"https:\/\/www.admagazine.fr\/adactualites\/galerie\/le-legendaire-orient-express-confie-sa-decoration-interieure-a-dimorestudio\" target=\"_blank\" rel=\"noopener\">Dimorestudio<\/a> signe pour Yves Salomon \u00c9ditions une installation aux couleurs de l\u2019automne. Inspir\u00e9e du roman Les Choses de Georges Perec, la sc\u00e9nographie immersive et po\u00e9tique d\u00e9ploie un univers suspendu o\u00f9 chaque <a href=\"https:\/\/www.admagazine.fr\/article\/nordic-knots-collection-tapis-hommage-swedish-grace\" target=\"_blank\" rel=\"noopener\">tapis<\/a>, assises et <a href=\"https:\/\/www.admagazine.fr\/article\/luminaires-tendances-styles-incontournables\" target=\"_blank\" rel=\"noopener\">luminaires<\/a> semblent s\u2019int\u00e9grer naturellement dans un int\u00e9rieur fig\u00e9 dans le temps.<\/p>\n<p>5, rue Castiglione, 75001 Paris<\/p>\n<p><img decoding=\"async\" alt=\"Contributions Design dans un atelier d'artiste \u00e0 Barbes Rochechouard\" loading=\"lazy\" class=\"ResponsiveImageContainer-eNxvmU cfBbTk responsive-image__image\"   src=\"https:\/\/www.europesays.com\/fr\/wp-content\/uploads\/2025\/10\/2.Contributions%20Design_DSCF5180.jpg\"\/><\/p>\n<p>\u00a9 Pauline Chardin<\/p>\n<p><strong>Contributions Design<\/strong><\/p>\n<p>C\u2019est dans l\u2019<a href=\"https:\/\/www.admagazine.fr\/article\/un-atelier-contemporain-dans-le-ciel-de-paris\" target=\"_blank\" rel=\"noopener\">atelier<\/a> du peintre Ruben Alterio que la designer Emily Thurman d\u00e9voile deux pi\u00e8ces aussi sensibles qu\u2019exp\u00e9rimentales: son fauteuil \u00e0 bascule Mother\u2019s Love et le tabouret Cheer Up, for Your Are So Young, orn\u00e9es de cloches reli\u00e9es par l\u2019artiste Zo\u00e9 Mohm. Chaque mouvement et oscillation fait na\u00eetre une vibration d\u00e9licate, transformant l\u2019objet en instrument. La cr\u00e9ation sonore, compos\u00e9e par le musicien Kevin Morby, prolonge cette r\u00e9sonance en tissant un paysage acoustique discret et m\u00e9ditatif orchestrant un dialogue entre forme, son et mati\u00e8re.<\/p>\n<p>57, bis boulevard Rochechouard, 75009 Paris<\/p>\n","protected":false},"excerpt":{"rendered":"Les 17 installations \u00e0 ne pas manquer cette semaine \u00e0 Paris \u00c0 l\u2019occasion d\u2019Art Basel Paris et de&hellip;\n","protected":false},"author":2,"featured_media":486967,"comment_status":"","ping_status":"","sticky":false,"template":"","format":"standard","meta":{"footnotes":""},"categories":[1888],"tags":[1111,1928,11,1927,7456,61027,1777,674,1349,1011,27,12,1926,626,1925,25],"class_list":{"0":"post-486966","1":"post","2":"type-post","3":"status-publish","4":"format-standard","5":"has-post-thumbnail","7":"category-paris","8":"tag-actu","9":"tag-actu-paris","10":"tag-actualites","11":"tag-actualites-paris","12":"tag-art-basel","13":"tag-design-miami","14":"tag-eu","15":"tag-europe","16":"tag-expositions","17":"tag-fr","18":"tag-france","19":"tag-news","20":"tag-news-paris","21":"tag-paris","22":"tag-paris-news","23":"tag-republique-francaise"},"share_on_mastodon":{"url":"https:\/\/pubeurope.com\/@fr\/115429639100945334","error":""},"_links":{"self":[{"href":"https:\/\/www.europesays.com\/fr\/wp-json\/wp\/v2\/posts\/486966","targetHints":{"allow":["GET"]}}],"collection":[{"href":"https:\/\/www.europesays.com\/fr\/wp-json\/wp\/v2\/posts"}],"about":[{"href":"https:\/\/www.europesays.com\/fr\/wp-json\/wp\/v2\/types\/post"}],"author":[{"embeddable":true,"href":"https:\/\/www.europesays.com\/fr\/wp-json\/wp\/v2\/users\/2"}],"replies":[{"embeddable":true,"href":"https:\/\/www.europesays.com\/fr\/wp-json\/wp\/v2\/comments?post=486966"}],"version-history":[{"count":0,"href":"https:\/\/www.europesays.com\/fr\/wp-json\/wp\/v2\/posts\/486966\/revisions"}],"wp:featuredmedia":[{"embeddable":true,"href":"https:\/\/www.europesays.com\/fr\/wp-json\/wp\/v2\/media\/486967"}],"wp:attachment":[{"href":"https:\/\/www.europesays.com\/fr\/wp-json\/wp\/v2\/media?parent=486966"}],"wp:term":[{"taxonomy":"category","embeddable":true,"href":"https:\/\/www.europesays.com\/fr\/wp-json\/wp\/v2\/categories?post=486966"},{"taxonomy":"post_tag","embeddable":true,"href":"https:\/\/www.europesays.com\/fr\/wp-json\/wp\/v2\/tags?post=486966"}],"curies":[{"name":"wp","href":"https:\/\/api.w.org\/{rel}","templated":true}]}}