{"id":486968,"date":"2025-10-24T14:34:11","date_gmt":"2025-10-24T14:34:11","guid":{"rendered":"https:\/\/www.europesays.com\/fr\/486968\/"},"modified":"2025-10-24T14:34:11","modified_gmt":"2025-10-24T14:34:11","slug":"ligne-14-a-paris-fumee-a-pont-cardinet-le-trafic-interrompu-entre-mairie-de-saint-ouen-et-saint-lazare","status":"publish","type":"post","link":"https:\/\/www.europesays.com\/fr\/486968\/","title":{"rendered":"Ligne 14 \u00e0 Paris\u00a0: fum\u00e9e \u00e0 Pont Cardinet, le trafic interrompu entre Mairie de Saint-Ouen et Saint-Lazare"},"content":{"rendered":"<p class=\"paragraph text_align_left lp-f-body-02\">Un d\u00e9gagement de fum\u00e9e paralyse <a href=\"https:\/\/www.leparisien.fr\/info-paris-ile-de-france-oise\/transports\/cest-un-exploit-mondial-un-metro-toutes-les-85-secondes-sur-la-ligne-14-aux-heures-de-pointe-09-04-2025-MGO3IVHGCZBTTMG2RWARYV3GVI.php\" target=\"_blank\" rel=\"noreferrer noopener\">la ligne 14<\/a> ce jeudi apr\u00e8s-midi. L\u2019incident, survenu aux alentours de 14h30 \u00e0 la station Pont Cardinet, a entra\u00een\u00e9 l\u2019interruption du trafic entre les stations Mairie de Saint-Ouen (Seine-Saint-Denis) et Saint-Lazare (VIIIe arrondissement de Paris), a annonc\u00e9 la RATP.<\/p>\n<blockquote class=\"twitter-tweet\">\n<p lang=\"fr\" dir=\"ltr\">\u274c Le trafic est interrompu entre Mairie de Saint Ouen et Saint Lazare en raison d&rsquo;un d\u00e9gagement de fum\u00e9e \u00e0 Pont Cardinet.<a href=\"https:\/\/twitter.com\/hashtag\/ligne14?src=hash&amp;ref_src=twsrc%5Etfw\" target=\"_blank\" rel=\"noopener\">#ligne14<\/a> <a href=\"https:\/\/twitter.com\/hashtag\/RATP?src=hash&amp;ref_src=twsrc%5Etfw\" target=\"_blank\" rel=\"noopener\">#RATP<\/a> L&rsquo;heure de reprise est estim\u00e9e \u00e0 17h00.Intervention \ud83d\ude92 toujours en cours.<\/p>\n<p>\u2014 Ligne 14 (@Ligne14_RATP) <a href=\"https:\/\/twitter.com\/Ligne14_RATP\/status\/1981712535620325751?ref_src=twsrc%5Etfw\" target=\"_blank\" rel=\"noopener\">October 24, 2025<\/a><\/p><\/blockquote>\n<p class=\"paragraph text_align_left lp-f-body-02\">Selon les informations communiqu\u00e9es par la r\u00e9gie ferroviaire, un d\u00e9gagement de fum\u00e9e sous un escalier m\u00e9canique serait \u00e0 l\u2019origine de l\u2019incident. Les <a href=\"https:\/\/www.leparisien.fr\/faits-divers\/blackfaces-et-costumes-du-ku-klux-klan-avec-des-pompiers-de-paris-une-enquete-judiciaire-ouverte-23-10-2025-BQ5V6BWHONB3DB6RQZZYQON6ZU.php\" target=\"_blank\" rel=\"noreferrer noopener\">pompiers de Paris<\/a>, rapidement d\u00e9p\u00each\u00e9s sur les lieux, confirment avoir \u00e9t\u00e9 appel\u00e9s pour un d\u00e9gagement de fum\u00e9e au niveau des escalators de la station, situ\u00e9e au niveau -2. Par mesure de s\u00e9curit\u00e9, la station a \u00e9t\u00e9 \u00e9vacu\u00e9e par les agents de la RATP. Aucun bless\u00e9 n\u2019est \u00e0 d\u00e9plorer confirme la BSPP.<\/p>\n<p>Une enqu\u00eate ouverte<\/p>\n<p class=\"paragraph text_align_left lp-f-body-02\">\u00c0 15h20, <a href=\"https:\/\/www.leparisien.fr\/info-paris-ile-de-france-oise\/transports\/ratp\/\" target=\"_blank\" rel=\"noreferrer noopener\">la RATP<\/a> a indiqu\u00e9 sur son compte X que l\u2019intervention des pompiers \u00e9tait toujours en cours et que l\u2019heure de reprise du trafic \u00e9tait estim\u00e9e \u00e0 17 heures. \u00ab Les pompiers et les \u00e9quipes techniques proc\u00e8dent aux v\u00e9rifications d\u2019usage afin de permettre la reprise du trafic dans les meilleurs d\u00e9lais et en toute s\u00e9curit\u00e9 \u00bb, d\u00e9taille la RATP.<\/p>\n<p class=\"paragraph text_align_left lp-f-body-02\">\u00ab Des agents sont pr\u00e9sents dans les stations concern\u00e9es afin d\u2019informer et d\u2019orienter les voyageurs vers des itin\u00e9raires alternatifs \u00bb, poursuit le groupe avant de pr\u00e9ciser qu\u2019une enqu\u00eate est en cours afin de d\u00e9terminer les causes exactes de ce d\u00e9gagement de fum\u00e9e.<\/p>\n<p><script async src=\"https:\/\/platform.twitter.com\/widgets.js\" charset=\"utf-8\"><\/script><\/p>\n","protected":false},"excerpt":{"rendered":"Un d\u00e9gagement de fum\u00e9e paralyse la ligne 14 ce jeudi apr\u00e8s-midi. L\u2019incident, survenu aux alentours de 14h30 \u00e0&hellip;\n","protected":false},"author":2,"featured_media":486969,"comment_status":"","ping_status":"","sticky":false,"template":"","format":"standard","meta":{"footnotes":""},"categories":[1888],"tags":[11,1777,674,1011,27,1944,12,626,25,2382],"class_list":{"0":"post-486968","1":"post","2":"type-post","3":"status-publish","4":"format-standard","5":"has-post-thumbnail","7":"category-paris","8":"tag-actualites","9":"tag-eu","10":"tag-europe","11":"tag-fr","12":"tag-france","13":"tag-ma-ville","14":"tag-news","15":"tag-paris","16":"tag-republique-francaise","17":"tag-transport-idf-oise"},"share_on_mastodon":{"url":"https:\/\/pubeurope.com\/@fr\/115429642295551421","error":""},"_links":{"self":[{"href":"https:\/\/www.europesays.com\/fr\/wp-json\/wp\/v2\/posts\/486968","targetHints":{"allow":["GET"]}}],"collection":[{"href":"https:\/\/www.europesays.com\/fr\/wp-json\/wp\/v2\/posts"}],"about":[{"href":"https:\/\/www.europesays.com\/fr\/wp-json\/wp\/v2\/types\/post"}],"author":[{"embeddable":true,"href":"https:\/\/www.europesays.com\/fr\/wp-json\/wp\/v2\/users\/2"}],"replies":[{"embeddable":true,"href":"https:\/\/www.europesays.com\/fr\/wp-json\/wp\/v2\/comments?post=486968"}],"version-history":[{"count":0,"href":"https:\/\/www.europesays.com\/fr\/wp-json\/wp\/v2\/posts\/486968\/revisions"}],"wp:featuredmedia":[{"embeddable":true,"href":"https:\/\/www.europesays.com\/fr\/wp-json\/wp\/v2\/media\/486969"}],"wp:attachment":[{"href":"https:\/\/www.europesays.com\/fr\/wp-json\/wp\/v2\/media?parent=486968"}],"wp:term":[{"taxonomy":"category","embeddable":true,"href":"https:\/\/www.europesays.com\/fr\/wp-json\/wp\/v2\/categories?post=486968"},{"taxonomy":"post_tag","embeddable":true,"href":"https:\/\/www.europesays.com\/fr\/wp-json\/wp\/v2\/tags?post=486968"}],"curies":[{"name":"wp","href":"https:\/\/api.w.org\/{rel}","templated":true}]}}