{"id":486970,"date":"2025-10-24T14:35:09","date_gmt":"2025-10-24T14:35:09","guid":{"rendered":"https:\/\/www.europesays.com\/fr\/486970\/"},"modified":"2025-10-24T14:35:09","modified_gmt":"2025-10-24T14:35:09","slug":"ratp-degagement-de-fumee-dans-le-metro-a-paris-la-ligne-14-partiellement-coupee-les-pompiers-sur-place","status":"publish","type":"post","link":"https:\/\/www.europesays.com\/fr\/486970\/","title":{"rendered":"RATP. D\u00e9gagement de fum\u00e9e dans le m\u00e9tro \u00e0 Paris, la ligne 14 partiellement coup\u00e9e, les pompiers sur place"},"content":{"rendered":"<p>            Par<br \/>\n        <strong><br \/>\n            <a href=\"https:\/\/actu.fr\/auteur\/redaction-paris\" title=\"Consulter tous les articles de R\u00e9daction Paris\" target=\"_blank\" rel=\"noopener\">R\u00e9daction Paris<\/a><br \/>\n        <\/strong><\/p>\n<p>        Publi\u00e9 le<\/p>\n<p>            24 oct. 2025 \u00e0 16h15        <\/p>\n<p>Trafic perturb\u00e9 sur la ligne 14 du <a href=\"https:\/\/actu.fr\/tag\/metro\" target=\"_blank\" rel=\"noopener\">m\u00e9tro<\/a> ce vendredi 24 octobre 2025. En raison d\u2019un <strong>d\u00e9gagement de fum\u00e9e<\/strong> \u00e0 Pont Cardinet, la circulation a \u00e9t\u00e9 mise \u00e0 l\u2019arr\u00eat sur une partie de l\u2019itin\u00e9raire, a fait savoir la <a href=\"https:\/\/actu.fr\/tag\/ratp\" target=\"_blank\" rel=\"noopener\">RATP<\/a> sur X.<\/p>\n<p>Les pompiers sur place<\/p>\n<p class=\" wall-content\">\u00ab Le trafic est interrompu entre Mairie de Saint-Ouen et Saint-Lazare en raison d\u2019un d\u00e9gagement de fum\u00e9e \u00e0 Pont Cardinet \u00bb, \u00e9crit la r\u00e9gie des transports. Cons\u00e9quence : les <strong>arr\u00eats suivants<\/strong> ne sont pas desservis : Saint-Ouen, Porte de Clichy et Pont Cardinet, o\u00f9 les sapeurs-pompiers de Paris sont en cours d\u2019intervention.<\/p>\n<p class=\" wall-content\">\n<p class=\" wall-content\">L\u2019heure de reprise est estim\u00e9e \u00e0 <strong>17 heures<\/strong>. La RATP recommande aux voyageurs de v\u00e9rifier leur itin\u00e9raire et d\u2019adapter leur trajet.<\/p>\n<p class=\" wall-content\">Personnalisez votre actualit\u00e9 en ajoutant vos villes et m\u00e9dias en favori avec <a href=\"https:\/\/moncompte.actu.fr\" title=\"D\u00e9couvez Mon Actu\" rel=\"nofollow noopener\" data-trk=\"{&quot;cta&quot;:{&quot;action&quot;:&quot;https:\\\/\\\/moncompte.actu.fr&quot;,&quot;category&quot;:&quot;mon compte&quot;,&quot;from&quot;:&quot;article footer&quot;,&quot;name&quot;:&quot;Mon actu&quot;,&quot;type&quot;:&quot;cta&quot;}}\" target=\"_blank\">Mon Actu<\/a>.<\/p>\n","protected":false},"excerpt":{"rendered":"Par R\u00e9daction Paris Publi\u00e9 le 24 oct. 2025 \u00e0 16h15 Trafic perturb\u00e9 sur la ligne 14 du m\u00e9tro&hellip;\n","protected":false},"author":2,"featured_media":296972,"comment_status":"","ping_status":"","sticky":false,"template":"","format":"standard","meta":{"footnotes":""},"categories":[1888],"tags":[11,1777,674,1011,27,4047,12,626,1311,625,25,104],"class_list":{"0":"post-486970","1":"post","2":"type-post","3":"status-publish","4":"format-standard","5":"has-post-thumbnail","7":"category-paris","8":"tag-actualites","9":"tag-eu","10":"tag-europe","11":"tag-fr","12":"tag-france","13":"tag-metro","14":"tag-news","15":"tag-paris","16":"tag-pompiers","17":"tag-ratp","18":"tag-republique-francaise","19":"tag-societe"},"share_on_mastodon":{"url":"","error":""},"_links":{"self":[{"href":"https:\/\/www.europesays.com\/fr\/wp-json\/wp\/v2\/posts\/486970","targetHints":{"allow":["GET"]}}],"collection":[{"href":"https:\/\/www.europesays.com\/fr\/wp-json\/wp\/v2\/posts"}],"about":[{"href":"https:\/\/www.europesays.com\/fr\/wp-json\/wp\/v2\/types\/post"}],"author":[{"embeddable":true,"href":"https:\/\/www.europesays.com\/fr\/wp-json\/wp\/v2\/users\/2"}],"replies":[{"embeddable":true,"href":"https:\/\/www.europesays.com\/fr\/wp-json\/wp\/v2\/comments?post=486970"}],"version-history":[{"count":0,"href":"https:\/\/www.europesays.com\/fr\/wp-json\/wp\/v2\/posts\/486970\/revisions"}],"wp:featuredmedia":[{"embeddable":true,"href":"https:\/\/www.europesays.com\/fr\/wp-json\/wp\/v2\/media\/296972"}],"wp:attachment":[{"href":"https:\/\/www.europesays.com\/fr\/wp-json\/wp\/v2\/media?parent=486970"}],"wp:term":[{"taxonomy":"category","embeddable":true,"href":"https:\/\/www.europesays.com\/fr\/wp-json\/wp\/v2\/categories?post=486970"},{"taxonomy":"post_tag","embeddable":true,"href":"https:\/\/www.europesays.com\/fr\/wp-json\/wp\/v2\/tags?post=486970"}],"curies":[{"name":"wp","href":"https:\/\/api.w.org\/{rel}","templated":true}]}}