{"id":487006,"date":"2025-10-24T14:56:11","date_gmt":"2025-10-24T14:56:11","guid":{"rendered":"https:\/\/www.europesays.com\/fr\/487006\/"},"modified":"2025-10-24T14:56:11","modified_gmt":"2025-10-24T14:56:11","slug":"une-echelle-contre-le-mur-le-casse-etait-decrit-dans-une-aventure-de-fantomette-en-1975","status":"publish","type":"post","link":"https:\/\/www.europesays.com\/fr\/487006\/","title":{"rendered":"\u00ab\u00a0Une \u00e9chelle contre le mur\u00a0\u00bb, le casse \u00e9tait d\u00e9crit dans une aventure de Fant\u00f4mette en\u00a01975"},"content":{"rendered":"<p>C\u2019est un vol qui restera dans l\u2019Histoire. Des braqueurs ont fait irruption dans la galerie d\u2019Apollon au <a href=\"https:\/\/www.20minutes.fr\/dossier\/louvre\" class=\"c-link c-link--is-underlined\" target=\"_blank\" rel=\"noopener\">Mus\u00e9e du Louvre<\/a>, \u00e0 Paris, dimanche dernier. Leur butin\u00a0? Huit bijoux d\u2019<a href=\"https:\/\/www.20minutes.fr\/societe\/4180762-20251021-cambriolage-louvre-valeur-bijoux-voles-estimee-88-millions-euros\" class=\"c-link c-link--is-underlined\" target=\"_blank\" rel=\"noopener\">une valeur estim\u00e9e \u00e0 88\u00a0millions d\u2019euros<\/a>. Le tout s\u2019est pass\u00e9 en sept minutes chrono, avant que <a href=\"https:\/\/www.20minutes.fr\/dossier\/cambriolage\" class=\"c-link c-link--is-underlined\" target=\"_blank\" rel=\"noopener\">les cambrioleurs<\/a> ne prennent la fuite sur de puissants scooters. Une sc\u00e8ne de film\u00a0? Pas seulement, comme l\u2019ont rep\u00e9r\u00e9 des internautes, relay\u00e9s par <a href=\"https:\/\/www.huffingtonpost.fr\/culture\/article\/casse-au-louvre-et-si-les-malfrats-s-etaient-inspires-de-fantomette_256319.html\" rel=\"nofollow noopener\" target=\"_blank\" class=\"c-link c-link--is-underlined\">HuffPost<\/a>.<\/p>\n<p><\/p>\n<blockquote class=\"twitter-tweet\">\n<p lang=\"fr\" dir=\"ltr\">C&rsquo;\u00e9tait d\u00e9j\u00e0 \u00e9crit dans Fant\u00f4mette ! <br \/>Le plan du vol de bijoux au Mus\u00e9e du Louvre \u00e0 Paris a \u00e9t\u00e9 publi\u00e9 en 1961 par Georges Chaulet. L&rsquo;\u00e9crivain fran\u00e7ais d\u00e9crit dans ce livre comment entrer au Louvre pour voler un diamant sans \u00eatre pris, en un temps record.<a href=\"https:\/\/twitter.com\/hashtag\/louvre?src=hash&amp;ref_src=twsrc%5Etfw\" target=\"_blank\" rel=\"noopener\">#louvre<\/a> <a href=\"https:\/\/t.co\/F2pbvGED4A\">pic.twitter.com\/F2pbvGED4A<\/a><\/p>\n<p>\u2014 Eric L\u00e9cuyer (@eric_lecuyer_) <a href=\"https:\/\/twitter.com\/eric_lecuyer_\/status\/1980951189945717206?ref_src=twsrc%5Etfw\" target=\"_blank\" rel=\"noopener\">October 22, 2025<\/a><\/p><\/blockquote>\n<p><a href=\"https:\/\/x.com\/eric_lecuyer_\/status\/1980951189945717206\" rel=\"nofollow\" target=\"_blank\" class=\"c-link c-link--is-underlined\">Sur son compte X<\/a>, un lecteur attentif des aventures de Fant\u00f4mette a ainsi fait le rapprochement avec le tome 29 de la s\u00e9rie de <a href=\"https:\/\/www.20minutes.fr\/arts-stars\/culture\/roman\/\" class=\"c-link c-link--is-underlined\" target=\"_blank\" rel=\"noopener\">romans<\/a> pour enfants sign\u00e9e Georges Chaulet. Dans l\u2019ouvrage Appelez Fant\u00f4mette, sorti en\u00a01975, un cambrioleur surnomm\u00e9 Le Furet \u00e9chafaude un braquage \u00e9clair au m\u00eame endroit\u00a0: la galerie d\u2019Apollon. Cinq d\u00e9cennies avant le vol, le personnage de fiction avait donc mis en place un mode op\u00e9ratoire quasi-identique sous la plume de l\u2019auteur.<\/p>\n<\/p>\n<p>\u00ab\u00a0Grimper au premier \u00e9tage\u00a0\u00bb<\/p>\n<p>Co\u00efncidence troublante, Le Furet d\u00e9crit m\u00eame sa technique\u00a0: \u00ab\u00a0Il suffit de poser une \u00e9chelle contre le mur, de grimper au premier \u00e9tage. Ensuite, on casse le carreau, on fait dix m\u00e8tres, on brise la vitrine d\u2019un coup de marteau, et hop\u00a0! On a la main sur l\u2019objet.\u00a0\u00bb<\/p>\n<p>M\u00eame lieu, m\u00eame rapidit\u00e9, m\u00eame audace. Difficile d\u2019ignorer la parent\u00e9 entre les deux sc\u00e9narios. Cette fiction a-t-elle \u00e9t\u00e9 source d\u2019inspiration\u00a0? Impossible de le savoir alors que <a href=\"https:\/\/www.20minutes.fr\/faits_divers\/faits-divers-paris\/4180651-20251021-cambriolage-louvre-gant-casque-retrouves-nacelle-volee-leboncoin-louvres\" class=\"c-link c-link--is-underlined\" target=\"_blank\" rel=\"noopener\">les v\u00e9ritables voleurs sont toujours en fuite<\/a>.<\/p>\n<p><script async src=\"https:\/\/platform.twitter.com\/widgets.js\" charset=\"utf-8\"><\/script><\/p>\n","protected":false},"excerpt":{"rendered":"C\u2019est un vol qui restera dans l\u2019Histoire. Des braqueurs ont fait irruption dans la galerie d\u2019Apollon au Mus\u00e9e&hellip;\n","protected":false},"author":2,"featured_media":487007,"comment_status":"","ping_status":"","sticky":false,"template":"","format":"standard","meta":{"footnotes":""},"categories":[1358],"tags":[47,1348,1384,1385,1174,1386,58,59,118,1011,27,1351,11274,2004],"class_list":{"0":"post-487006","1":"post","2":"type-post","3":"status-publish","4":"format-standard","5":"has-post-thumbnail","7":"category-arts-et-design","8":"tag-actualite","9":"tag-arts","10":"tag-arts-and-design","11":"tag-arts-et-design","12":"tag-cambriolage","13":"tag-design","14":"tag-divertissement","15":"tag-entertainment","16":"tag-faits-divers","17":"tag-fr","18":"tag-france","19":"tag-litterature","20":"tag-louvre","21":"tag-roman"},"share_on_mastodon":{"url":"https:\/\/pubeurope.com\/@fr\/115429728979603326","error":""},"_links":{"self":[{"href":"https:\/\/www.europesays.com\/fr\/wp-json\/wp\/v2\/posts\/487006","targetHints":{"allow":["GET"]}}],"collection":[{"href":"https:\/\/www.europesays.com\/fr\/wp-json\/wp\/v2\/posts"}],"about":[{"href":"https:\/\/www.europesays.com\/fr\/wp-json\/wp\/v2\/types\/post"}],"author":[{"embeddable":true,"href":"https:\/\/www.europesays.com\/fr\/wp-json\/wp\/v2\/users\/2"}],"replies":[{"embeddable":true,"href":"https:\/\/www.europesays.com\/fr\/wp-json\/wp\/v2\/comments?post=487006"}],"version-history":[{"count":0,"href":"https:\/\/www.europesays.com\/fr\/wp-json\/wp\/v2\/posts\/487006\/revisions"}],"wp:featuredmedia":[{"embeddable":true,"href":"https:\/\/www.europesays.com\/fr\/wp-json\/wp\/v2\/media\/487007"}],"wp:attachment":[{"href":"https:\/\/www.europesays.com\/fr\/wp-json\/wp\/v2\/media?parent=487006"}],"wp:term":[{"taxonomy":"category","embeddable":true,"href":"https:\/\/www.europesays.com\/fr\/wp-json\/wp\/v2\/categories?post=487006"},{"taxonomy":"post_tag","embeddable":true,"href":"https:\/\/www.europesays.com\/fr\/wp-json\/wp\/v2\/tags?post=487006"}],"curies":[{"name":"wp","href":"https:\/\/api.w.org\/{rel}","templated":true}]}}