{"id":487008,"date":"2025-10-24T14:57:11","date_gmt":"2025-10-24T14:57:11","guid":{"rendered":"https:\/\/www.europesays.com\/fr\/487008\/"},"modified":"2025-10-24T14:57:11","modified_gmt":"2025-10-24T14:57:11","slug":"carnages-de-jeunesse-liberation","status":"publish","type":"post","link":"https:\/\/www.europesays.com\/fr\/487008\/","title":{"rendered":"carnages de jeunesse \u2013 Lib\u00e9ration"},"content":{"rendered":"<p class=\"sc-cPiKLX AiZTS text-element\">Le nom de Javier Mar\u00edas apparut en France \u00e0 la fin des ann\u00e9es 1980 quand furent traduits l\u2019Homme sentimental puis le Roman d\u2019Oxford, mais le futur auteur d\u2019Un c\u0153ur si blanc et <a href=\"https:\/\/www.liberation.fr\/livres\/2013\/08\/28\/javier-marias-crime-de-beaute_927768\/\" target=\"_blank\" rel=\"noopener\" title=\"https:\/\/www.liberation.fr\/livres\/2013\/08\/28\/javier-marias-crime-de-beaute_927768\/\">Comme les amours<\/a>, n\u00e9 en 1951 et <a href=\"https:\/\/www.liberation.fr\/culture\/livres\/lecrivain-espagnol-javier-marias-est-mort-20220911_LMJLVDCXIRFFLFNMPA5F6P6K5U\/\" target=\"_blank\" rel=\"noopener\" title=\"https:\/\/www.liberation.fr\/culture\/livres\/lecrivain-espagnol-javier-marias-est-mort-20220911_LMJLVDCXIRFFLFNMPA5F6P6K5U\/\">mort en 2022<\/a>, avait d\u00e9j\u00e0 publi\u00e9 quatre romans en Espagne. C\u2019est le premier, paru en 1971, qui est aujourd\u2019hui traduit. On croit un temps que les Domaines du loup est un recueil de nouvelles o\u00f9 des personnages ne vivent parfois que quelques lignes tant les meurtres sont nombreux, mais non, les textes s\u2019ajustent les uns aux autres et c\u2019est bien un roman dont d\u2019autres personnages resurgissent ici et l\u00e0, l\u2019assassinat facile. L\u2019ensemble se d\u00e9roule aux Etats-Unis autour des ann\u00e9es 1930, except\u00e9 quelques carnages durant la guerre de S\u00e9cession. En tout cas, l\u2019Espagne est absente du texte et Javier Mar\u00edas y revient en 1987 dans sa pr\u00e9face \u00e0 la r\u00e9\u00e9dition du roman dans son pays natal. Et ces quelques pages en disent long \u00e0 la fois sur l\u2019ambiance litt\u00e9raire de la  <\/p>\n","protected":false},"excerpt":{"rendered":"Le nom de Javier Mar\u00edas apparut en France \u00e0 la fin des ann\u00e9es 1980 quand furent traduits l\u2019Homme&hellip;\n","protected":false},"author":2,"featured_media":487009,"comment_status":"","ping_status":"","sticky":false,"template":"","format":"standard","meta":{"footnotes":""},"categories":[1357],"tags":[1379,10488,53331,58,59,123,1011,27,1380],"class_list":{"0":"post-487008","1":"post","2":"type-post","3":"status-publish","4":"format-standard","5":"has-post-thumbnail","7":"category-livres","8":"tag-books","9":"tag-cahier-livres","10":"tag-comment-ca-secrit","11":"tag-divertissement","12":"tag-entertainment","13":"tag-espagne","14":"tag-fr","15":"tag-france","16":"tag-livres"},"share_on_mastodon":{"url":"https:\/\/pubeurope.com\/@fr\/115429732852580482","error":""},"_links":{"self":[{"href":"https:\/\/www.europesays.com\/fr\/wp-json\/wp\/v2\/posts\/487008","targetHints":{"allow":["GET"]}}],"collection":[{"href":"https:\/\/www.europesays.com\/fr\/wp-json\/wp\/v2\/posts"}],"about":[{"href":"https:\/\/www.europesays.com\/fr\/wp-json\/wp\/v2\/types\/post"}],"author":[{"embeddable":true,"href":"https:\/\/www.europesays.com\/fr\/wp-json\/wp\/v2\/users\/2"}],"replies":[{"embeddable":true,"href":"https:\/\/www.europesays.com\/fr\/wp-json\/wp\/v2\/comments?post=487008"}],"version-history":[{"count":0,"href":"https:\/\/www.europesays.com\/fr\/wp-json\/wp\/v2\/posts\/487008\/revisions"}],"wp:featuredmedia":[{"embeddable":true,"href":"https:\/\/www.europesays.com\/fr\/wp-json\/wp\/v2\/media\/487009"}],"wp:attachment":[{"href":"https:\/\/www.europesays.com\/fr\/wp-json\/wp\/v2\/media?parent=487008"}],"wp:term":[{"taxonomy":"category","embeddable":true,"href":"https:\/\/www.europesays.com\/fr\/wp-json\/wp\/v2\/categories?post=487008"},{"taxonomy":"post_tag","embeddable":true,"href":"https:\/\/www.europesays.com\/fr\/wp-json\/wp\/v2\/tags?post=487008"}],"curies":[{"name":"wp","href":"https:\/\/api.w.org\/{rel}","templated":true}]}}