{"id":487036,"date":"2025-10-24T15:13:21","date_gmt":"2025-10-24T15:13:21","guid":{"rendered":"https:\/\/www.europesays.com\/fr\/487036\/"},"modified":"2025-10-24T15:13:21","modified_gmt":"2025-10-24T15:13:21","slug":"basket-forme-au-sluc-nancy-benjamin-sene-rappele-en-equipe-de-france","status":"publish","type":"post","link":"https:\/\/www.europesays.com\/fr\/487036\/","title":{"rendered":"Basket. Form\u00e9 au SLUC Nancy, Benjamin S\u00e8ne rappel\u00e9 en \u00e9quipe de France"},"content":{"rendered":"<p>Cela faisait presque trois ans, et un match contre la Bosnie-Herz\u00e9govine pour les qualifications de la Coupe du monde 2023, qu\u2019il n\u2019avait plus rev\u00eatu le maillot de l\u2019\u00e9quipe de France. Benjamin S\u00e8ne, form\u00e9 \u00e0 Nancy et joueur pro sous le maillot du SLUC\u00a0de 2013 \u00e0 2017, a \u00e9t\u00e9 appel\u00e9 ce vendredi par le s\u00e9lectionneur des Bleus, Fr\u00e9d\u00e9ric Fauthoux, pour les qualifications de la Coupe du monde 2027. Une nouveaut\u00e9 pour le natif de Langon, qui n\u2019avait connu que Vincent Collet \u00e0 la t\u00eate de l\u2019\u00e9quipe de France.<\/p>\n<p>Le meneur de Nanterre, \u00e2g\u00e9 de 31 ans, rejoindra le collectif fran\u00e7ais \u00e0 partir du lundi 24\u00a0novembre \u00e0 Rouen, pour pr\u00e9parer une premi\u00e8re rencontre face \u00e0 la Belgique. Il prendra ensuite la direction d\u2019Espoo pour y affronter la Finlande. La concurrence sera rude \u00e0 son poste, avec Andrew Albicy, Hugo Benitez, G\u00e9rald Ayayi ou encore Matthew Strazel.<\/p>\n<p>\u00c0 ce jour, Benjamin S\u00e8ne, est le dernier joueur form\u00e9 au SLUC Nancy \u00e0 avoir \u00e9t\u00e9 appel\u00e9 en \u00e9quipe de France. Avant lui, Cyril Julian avait notamment fait ses preuves sous le maillot tricolore.<\/p>\n","protected":false},"excerpt":{"rendered":"Cela faisait presque trois ans, et un match contre la Bosnie-Herz\u00e9govine pour les qualifications de la Coupe du&hellip;\n","protected":false},"author":2,"featured_media":487037,"comment_status":"","ping_status":"","sticky":false,"template":"","format":"standard","meta":{"footnotes":""},"categories":[9635],"tags":[1111,11,1704,1777,674,1701,1011,27,775,1702,1703,12,25,11567,1700],"class_list":{"0":"post-487036","1":"post","2":"type-post","3":"status-publish","4":"format-standard","5":"has-post-thumbnail","7":"category-nancy","8":"tag-actu","9":"tag-actualites","10":"tag-edition-nancy-et-agglomeration","11":"tag-eu","12":"tag-europe","13":"tag-fil-info-sport","14":"tag-fr","15":"tag-france","16":"tag-grand-est","17":"tag-nancy","18":"tag-nancy-ville-54b","19":"tag-news","20":"tag-republique-francaise","21":"tag-sluc","22":"tag-sport-lorrain"},"share_on_mastodon":{"url":"https:\/\/pubeurope.com\/@fr\/115429795709123446","error":""},"_links":{"self":[{"href":"https:\/\/www.europesays.com\/fr\/wp-json\/wp\/v2\/posts\/487036","targetHints":{"allow":["GET"]}}],"collection":[{"href":"https:\/\/www.europesays.com\/fr\/wp-json\/wp\/v2\/posts"}],"about":[{"href":"https:\/\/www.europesays.com\/fr\/wp-json\/wp\/v2\/types\/post"}],"author":[{"embeddable":true,"href":"https:\/\/www.europesays.com\/fr\/wp-json\/wp\/v2\/users\/2"}],"replies":[{"embeddable":true,"href":"https:\/\/www.europesays.com\/fr\/wp-json\/wp\/v2\/comments?post=487036"}],"version-history":[{"count":0,"href":"https:\/\/www.europesays.com\/fr\/wp-json\/wp\/v2\/posts\/487036\/revisions"}],"wp:featuredmedia":[{"embeddable":true,"href":"https:\/\/www.europesays.com\/fr\/wp-json\/wp\/v2\/media\/487037"}],"wp:attachment":[{"href":"https:\/\/www.europesays.com\/fr\/wp-json\/wp\/v2\/media?parent=487036"}],"wp:term":[{"taxonomy":"category","embeddable":true,"href":"https:\/\/www.europesays.com\/fr\/wp-json\/wp\/v2\/categories?post=487036"},{"taxonomy":"post_tag","embeddable":true,"href":"https:\/\/www.europesays.com\/fr\/wp-json\/wp\/v2\/tags?post=487036"}],"curies":[{"name":"wp","href":"https:\/\/api.w.org\/{rel}","templated":true}]}}