{"id":487046,"date":"2025-10-24T15:19:10","date_gmt":"2025-10-24T15:19:10","guid":{"rendered":"https:\/\/www.europesays.com\/fr\/487046\/"},"modified":"2025-10-24T15:19:10","modified_gmt":"2025-10-24T15:19:10","slug":"a-rouen-la-folle-course-poursuite-de-la-chauffarde-finit-dans-un-terre-plein","status":"publish","type":"post","link":"https:\/\/www.europesays.com\/fr\/487046\/","title":{"rendered":"\u00c0 Rouen, la folle course-poursuite de la chauffarde finit dans un terre-plein"},"content":{"rendered":"<p>            Par<br \/>\n        <strong><br \/>\n            <a href=\"https:\/\/actu.fr\/auteur\/julien-bouteiller\" title=\"Consulter tous les articles de Julien Bouteiller\" target=\"_blank\" rel=\"noopener\">Julien Bouteiller<\/a><br \/>\n        <\/strong><\/p>\n<p>        Publi\u00e9 le<\/p>\n<p>            24 oct. 2025 \u00e0 17h04        <\/p>\n<p>Tout cela aurait pu virer au drame. Dans la nuit du 23 au 24\u00a0octobre 2025, une jeune conductrice s\u2019est lanc\u00e9e dans <strong>une folle course-poursuite<\/strong> avec la police \u00e0 <a href=\"https:\/\/actu.fr\/normandie\/rouen_76540\" target=\"_blank\" rel=\"noopener\">Rouen<\/a>, apprend-on de source polici\u00e8re.<\/p>\n<p>Elle fuit la police jusqu\u2019\u00e0 l\u2019accident<\/p>\n<p class=\" wall-content\">Tout commence vers 2h20, lorsqu\u2019une patrouille de police \u00ab\u2009voit une Mercedes <strong>qui ne s\u2019arr\u00eate pas au feu rouge<\/strong>, \u00e0 l\u2019angle de la rue Grand pont et du quai Pierre-Corneille\u2009\u00bb.<\/p>\n<p class=\" wall-content\">Les policiers activent donc leur sir\u00e8ne pour faire part de leur intention de contr\u00f4ler le v\u00e9hicule, <strong>mais la conductrice choisit la fuite.<\/strong> \u00ab\u2009Elle acc\u00e9l\u00e8re et traverse la place Saint-Paul \u00e0 vive allure\u2009\u00bb, poursuit notre source.<\/p>\n<p class=\" wall-content\">Elle continue sa course en grillant un autre feu rouge, puis elle tape dans une rambarde de s\u00e9curit\u00e9. <strong>Rue de la R\u00e9publique \u00e0 Amfreville-la-mi-Voie<\/strong>, elle prend un rond-point \u00e0 contresens.<\/p>\n<p class=\" wall-content\">C\u2019est l\u00e0 qu\u2019elle perd le contr\u00f4le de sa Mercedes, percute un terre-plein en b\u00e9ton puis fait un tonneau. Les policiers lui portent secours ainsi qu\u2019\u00e0 sa passag\u00e8re.<\/p>\n<p>Vid\u00e9os : en ce moment sur Actu<\/p>\n<p class=\" wall-content\">Apr\u00e8s examens \u00e0 l\u2019h\u00f4pital, la conductrice \u00e2g\u00e9e de 28\u00a0ans est plac\u00e9e en garde \u00e0 vue. Elle conduisait sans assurance, et affichait un taux de<strong> plus d\u20191,4 gramme d\u2019alcool dans le sang.<\/strong><\/p>\n<p>Suivez l\u2019actualit\u00e9 de Rouen <a href=\"https:\/\/www.whatsapp.com\/channel\/0029VaKfnf99hXF2ddApFB1D\" target=\"_blank\" rel=\"noopener\">sur notre cha\u00eene WhatsApp<\/a> et <a href=\"https:\/\/www.tiktok.com\/@76actu.fr?lang=fr\" target=\"_blank\" rel=\"noopener\">sur notre compte TikTok<\/a><\/p>\n<p class=\" wall-content\">Personnalisez votre actualit\u00e9 en ajoutant vos villes et m\u00e9dias en favori avec <a href=\"https:\/\/moncompte.actu.fr\" title=\"D\u00e9couvez Mon Actu\" rel=\"nofollow noopener\" data-trk=\"{&quot;cta&quot;:{&quot;action&quot;:&quot;https:\\\/\\\/moncompte.actu.fr&quot;,&quot;category&quot;:&quot;mon compte&quot;,&quot;from&quot;:&quot;article footer&quot;,&quot;name&quot;:&quot;Mon actu&quot;,&quot;type&quot;:&quot;cta&quot;}}\" target=\"_blank\">Mon Actu<\/a>.<\/p>\n<p>                    <script async src=\"\/\/www.tiktok.com\/embed.js\"><\/script><\/p>\n","protected":false},"excerpt":{"rendered":"Par Julien Bouteiller Publi\u00e9 le 24 oct. 2025 \u00e0 17h04 Tout cela aurait pu virer au drame. Dans&hellip;\n","protected":false},"author":2,"featured_media":487047,"comment_status":"","ping_status":"","sticky":false,"template":"","format":"standard","meta":{"footnotes":""},"categories":[9587],"tags":[1111,11,1777,674,118,1011,27,12,5161,1072,2852,25,9590],"class_list":{"0":"post-487046","1":"post","2":"type-post","3":"status-publish","4":"format-standard","5":"has-post-thumbnail","7":"category-rouen","8":"tag-actu","9":"tag-actualites","10":"tag-eu","11":"tag-europe","12":"tag-faits-divers","13":"tag-fr","14":"tag-france","15":"tag-news","16":"tag-normandie","17":"tag-police","18":"tag-refus-dobtemperer","19":"tag-republique-francaise","20":"tag-rouen"},"share_on_mastodon":{"url":"https:\/\/pubeurope.com\/@fr\/115429819296080900","error":""},"_links":{"self":[{"href":"https:\/\/www.europesays.com\/fr\/wp-json\/wp\/v2\/posts\/487046","targetHints":{"allow":["GET"]}}],"collection":[{"href":"https:\/\/www.europesays.com\/fr\/wp-json\/wp\/v2\/posts"}],"about":[{"href":"https:\/\/www.europesays.com\/fr\/wp-json\/wp\/v2\/types\/post"}],"author":[{"embeddable":true,"href":"https:\/\/www.europesays.com\/fr\/wp-json\/wp\/v2\/users\/2"}],"replies":[{"embeddable":true,"href":"https:\/\/www.europesays.com\/fr\/wp-json\/wp\/v2\/comments?post=487046"}],"version-history":[{"count":0,"href":"https:\/\/www.europesays.com\/fr\/wp-json\/wp\/v2\/posts\/487046\/revisions"}],"wp:featuredmedia":[{"embeddable":true,"href":"https:\/\/www.europesays.com\/fr\/wp-json\/wp\/v2\/media\/487047"}],"wp:attachment":[{"href":"https:\/\/www.europesays.com\/fr\/wp-json\/wp\/v2\/media?parent=487046"}],"wp:term":[{"taxonomy":"category","embeddable":true,"href":"https:\/\/www.europesays.com\/fr\/wp-json\/wp\/v2\/categories?post=487046"},{"taxonomy":"post_tag","embeddable":true,"href":"https:\/\/www.europesays.com\/fr\/wp-json\/wp\/v2\/tags?post=487046"}],"curies":[{"name":"wp","href":"https:\/\/api.w.org\/{rel}","templated":true}]}}