{"id":487048,"date":"2025-10-24T15:20:18","date_gmt":"2025-10-24T15:20:18","guid":{"rendered":"https:\/\/www.europesays.com\/fr\/487048\/"},"modified":"2025-10-24T15:20:18","modified_gmt":"2025-10-24T15:20:18","slug":"des-tirs-darme-a-feu-dans-une-zone-commerciale-dechirolles","status":"publish","type":"post","link":"https:\/\/www.europesays.com\/fr\/487048\/","title":{"rendered":"des tirs d&rsquo;arme \u00e0 feu dans une zone commerciale d&rsquo;Echirolles"},"content":{"rendered":"<p itemprop=\"description\"><strong>En cette p\u00e9riode de vacances de la Toussaint, la zone commerciale de Comboire \u00e0 Echirolles attire beaucoup de monde.<\/strong><\/p>\n<p>Surtout \u00e0 la mi-journ\u00e9e o\u00f9 certains vont d\u00e9jeuner en famille sur place.<\/p>\n<p>Il y a donc eu beaucoup d&rsquo;inqui\u00e9tudes vers 13h lorsque des coups de feu ont retenti sur le parking du Leclerc. Selon le Dauphin\u00e9 Lib\u00e9r\u00e9, les occupants de deux voitures ont \u00e9chang\u00e9 des tirs. Aucun bless\u00e9 n&rsquo;est \u00e0 d\u00e9plorer.<\/p>\n<p>Une enqu\u00eate a \u00e9t\u00e9 imm\u00e9diatement ouverte pour tenter d&rsquo;identifier les protagonistes. L&rsquo;une des deux voitures a \u00e9t\u00e9 abandonn\u00e9e sur place, elle sera analys\u00e9e de fond en comble par la police scientifique pour tenter de retrouver des traces ADN. La vid\u00e9osurveillance des lieux sera \u00e9galement consult\u00e9e.<\/p>\n","protected":false},"excerpt":{"rendered":"En cette p\u00e9riode de vacances de la Toussaint, la zone commerciale de Comboire \u00e0 Echirolles attire beaucoup de&hellip;\n","protected":false},"author":2,"featured_media":487049,"comment_status":"","ping_status":"","sticky":false,"template":"","format":"standard","meta":{"footnotes":""},"categories":[9566],"tags":[1111,11,7733,8279,2430,7736,650,7734,2889,2263,1777,674,1011,27,2731,8280,6417,1114,108,4662,12,3725,1825,25,7737],"class_list":{"0":"post-487048","1":"post","2":"type-post","3":"status-publish","4":"format-standard","5":"has-post-thumbnail","7":"category-grenoble","8":"tag-actu","9":"tag-actualites","10":"tag-alpes","11":"tag-alpes1","12":"tag-auvergne-rhone-alpes","13":"tag-cds","14":"tag-cinema","15":"tag-ecoute","16":"tag-emission","17":"tag-equipe","18":"tag-eu","19":"tag-europe","20":"tag-fr","21":"tag-france","22":"tag-grenoble","23":"tag-haute","24":"tag-information","25":"tag-infos","26":"tag-isere","27":"tag-journal","28":"tag-news","29":"tag-podcast","30":"tag-radio","31":"tag-republique-francaise","32":"tag-winamp"},"share_on_mastodon":{"url":"https:\/\/pubeurope.com\/@fr\/115429823290297483","error":""},"_links":{"self":[{"href":"https:\/\/www.europesays.com\/fr\/wp-json\/wp\/v2\/posts\/487048","targetHints":{"allow":["GET"]}}],"collection":[{"href":"https:\/\/www.europesays.com\/fr\/wp-json\/wp\/v2\/posts"}],"about":[{"href":"https:\/\/www.europesays.com\/fr\/wp-json\/wp\/v2\/types\/post"}],"author":[{"embeddable":true,"href":"https:\/\/www.europesays.com\/fr\/wp-json\/wp\/v2\/users\/2"}],"replies":[{"embeddable":true,"href":"https:\/\/www.europesays.com\/fr\/wp-json\/wp\/v2\/comments?post=487048"}],"version-history":[{"count":0,"href":"https:\/\/www.europesays.com\/fr\/wp-json\/wp\/v2\/posts\/487048\/revisions"}],"wp:featuredmedia":[{"embeddable":true,"href":"https:\/\/www.europesays.com\/fr\/wp-json\/wp\/v2\/media\/487049"}],"wp:attachment":[{"href":"https:\/\/www.europesays.com\/fr\/wp-json\/wp\/v2\/media?parent=487048"}],"wp:term":[{"taxonomy":"category","embeddable":true,"href":"https:\/\/www.europesays.com\/fr\/wp-json\/wp\/v2\/categories?post=487048"},{"taxonomy":"post_tag","embeddable":true,"href":"https:\/\/www.europesays.com\/fr\/wp-json\/wp\/v2\/tags?post=487048"}],"curies":[{"name":"wp","href":"https:\/\/api.w.org\/{rel}","templated":true}]}}