{"id":487050,"date":"2025-10-24T15:21:23","date_gmt":"2025-10-24T15:21:23","guid":{"rendered":"https:\/\/www.europesays.com\/fr\/487050\/"},"modified":"2025-10-24T15:21:23","modified_gmt":"2025-10-24T15:21:23","slug":"pro-d2-changement-dans-la-compo-du-fcg-premiere-pour-nadir-megdoud-samuel-bielle-biarrey-hors-groupe","status":"publish","type":"post","link":"https:\/\/www.europesays.com\/fr\/487050\/","title":{"rendered":"Pro D2. Changement dans la compo du FCG\u00a0: premi\u00e8re pour Nadir Megdoud, Samuel Bielle-Biarrey hors groupe"},"content":{"rendered":"<p>Premier coup de th\u00e9\u00e2tre pour cette 8e\u00a0 journ\u00e9e de Pro D2 du c\u00f4t\u00e9 du FCG. Le club grenoblois, qui affronte ce vendredi (19h30) Carcassonne au Stade des Alpes, a proc\u00e9d\u00e9 \u00e0 un changement dans son XV de d\u00e9part.<\/p>\n<p>Dans la composition communiqu\u00e9e jeudi soir, Jeff Dubois et le staff technique de Grenoble avaient align\u00e9 le G\u00e9orgien Giorgi Kveseladze au poste d\u2019ailier. Il y avait aussi, pour la premi\u00e8re fois, l\u2019apparition dans le groupe professionnel du jeune joueur du centre de <a href=\"https:\/\/www.ledauphine.com\/sport\/2025\/10\/23\/fcg-les-debuts-d-une-recrue-un-nouveau-bielle-biarrey-convoque-la-compo-face-a-carcassonne\" target=\"_blank\" rel=\"noopener\">formation du FCG, Samuel Bielle-Biarrey<\/a>, le petit fr\u00e8re de Louis Bielle-Biarrey. Le cadet de l\u2019ailier supersonique de Bordeaux-B\u00e8gles et de l\u2019\u00e9quipe de France n\u2019est plus dans le groupe.<\/p>\n<p>Ce contenu est bloqu\u00e9 car vous n&rsquo;avez pas accept\u00e9 les cookies et autres traceurs.<\/p>\n<p>En cliquant sur \u00ab J\u2019accepte \u00bb, les cookies et autres traceurs seront d\u00e9pos\u00e9s et vous pourrez visualiser les contenus  (<a href=\"\" class=\"consentModule_policy\" target=\"_blank\" title=\"Consulter la politique de protection des donn\u00e9es du fournisseur\">plus d&rsquo;informations<\/a>).<\/p>\n<p>En cliquant sur \u00ab J\u2019accepte tous les cookies \u00bb, vous autorisez des d\u00e9p\u00f4ts de cookies et autres traceurs pour le stockage de vos donn\u00e9es sur nos sites et applications \u00e0 des fins de personnalisation et de ciblage publicitaire.<\/p>\n<p class=\"consentModule_secondaryText\">Vous gardez la possibilit\u00e9 de retirer votre consentement \u00e0 tout moment en consultant notre <a href=\"https:\/\/www.ledauphine.com\/protection-des-donnees\" target=\"_blank\" title=\"Consulter notre politique de protection des donn\u00e9es\" rel=\"noopener\">politique de protection des donn\u00e9es<\/a>. <br \/>&#13;<br \/>\n            <a href=\"https:\/\/www.ledauphine.com\/sport\/2025\/10\/24\/javascript:Didomi.notice.show()\" class=\"consentModule_cmp\" target=\"_blank\" rel=\"noopener\">G\u00e9rer mes choix<\/a>&#13;\n        <\/p>\n<p>&#13;<br \/>\n                        J&rsquo;accepte&#13;<br \/>\n            J&rsquo;accepte tous les cookies&#13;\n        <\/p>\n<p>  Nadir Megdoud, premi\u00e8re<\/p>\n<p>La raison\u00a0? <a href=\"https:\/\/www.ledauphine.com\/sport\/2025\/10\/11\/c-est-officiel-nadir-megdoud-quitte-bayonne-pour-rejoindre-au-fcg\" target=\"_blank\" rel=\"noopener\"> La validation de la licence de l\u2019ailier Nadir Megdoud<\/a> par les instances ce vendredi \u00e0 midi qui implique des changements en cascade dans le XV de d\u00e9part du FCG pour affronter l\u2019USC. L\u2019ancien ailier de Bayonne va donc jouer titulaire et va porter les couleurs de Grenoble pour la premi\u00e8re fois. Le G\u00e9orgien Giorgi Kveseladze passe rempla\u00e7ant et Samuel Bielle-Biarrey passe parmi les joueurs suppl\u00e9mentaires.<\/p>\n<p>Nadir Megdoud va devoir donc s\u2019adapter rapidement pour \u00eatre pr\u00eat. Arriv\u00e9 le 11\u00a0octobre dernier entre Drac et Is\u00e8re, l\u2019international alg\u00e9rien de 28 ans, qui n\u2019a jou\u00e9 qu\u2019un match de Top 14 cette saison avec l\u2019Aviron bayonnais \u00e0 Castres et qui est le joker m\u00e9dical de Gerswin Mouton (ligaments crois\u00e9s du genou, op\u00e9ration et fin de saison probable), va pouvoir s\u2019exprimer avec le FCG.<\/p>\n","protected":false},"excerpt":{"rendered":"Premier coup de th\u00e9\u00e2tre pour cette 8e\u00a0 journ\u00e9e de Pro D2 du c\u00f4t\u00e9 du FCG. Le club grenoblois,&hellip;\n","protected":false},"author":2,"featured_media":487051,"comment_status":"","ping_status":"","sticky":false,"template":"","format":"standard","meta":{"footnotes":""},"categories":[9566],"tags":[1111,11,2430,112,1777,674,2727,1701,1011,27,2731,2732,108,12,2308,25,479,517],"class_list":{"0":"post-487050","1":"post","2":"type-post","3":"status-publish","4":"format-standard","5":"has-post-thumbnail","7":"category-grenoble","8":"tag-actu","9":"tag-actualites","10":"tag-auvergne-rhone-alpes","11":"tag-edition-grenoble-agglomeration","12":"tag-eu","13":"tag-europe","14":"tag-fcg-fc-grenoble-rugby","15":"tag-fil-info-sport","16":"tag-fr","17":"tag-france","18":"tag-grenoble","19":"tag-grenoble-bassin","20":"tag-isere","21":"tag-news","22":"tag-pro-d2","23":"tag-republique-francaise","24":"tag-rugby","25":"tag-sport"},"share_on_mastodon":{"url":"https:\/\/pubeurope.com\/@fr\/115429827168276608","error":""},"_links":{"self":[{"href":"https:\/\/www.europesays.com\/fr\/wp-json\/wp\/v2\/posts\/487050","targetHints":{"allow":["GET"]}}],"collection":[{"href":"https:\/\/www.europesays.com\/fr\/wp-json\/wp\/v2\/posts"}],"about":[{"href":"https:\/\/www.europesays.com\/fr\/wp-json\/wp\/v2\/types\/post"}],"author":[{"embeddable":true,"href":"https:\/\/www.europesays.com\/fr\/wp-json\/wp\/v2\/users\/2"}],"replies":[{"embeddable":true,"href":"https:\/\/www.europesays.com\/fr\/wp-json\/wp\/v2\/comments?post=487050"}],"version-history":[{"count":0,"href":"https:\/\/www.europesays.com\/fr\/wp-json\/wp\/v2\/posts\/487050\/revisions"}],"wp:featuredmedia":[{"embeddable":true,"href":"https:\/\/www.europesays.com\/fr\/wp-json\/wp\/v2\/media\/487051"}],"wp:attachment":[{"href":"https:\/\/www.europesays.com\/fr\/wp-json\/wp\/v2\/media?parent=487050"}],"wp:term":[{"taxonomy":"category","embeddable":true,"href":"https:\/\/www.europesays.com\/fr\/wp-json\/wp\/v2\/categories?post=487050"},{"taxonomy":"post_tag","embeddable":true,"href":"https:\/\/www.europesays.com\/fr\/wp-json\/wp\/v2\/tags?post=487050"}],"curies":[{"name":"wp","href":"https:\/\/api.w.org\/{rel}","templated":true}]}}