{"id":487054,"date":"2025-10-24T15:23:24","date_gmt":"2025-10-24T15:23:24","guid":{"rendered":"https:\/\/www.europesays.com\/fr\/487054\/"},"modified":"2025-10-24T15:23:24","modified_gmt":"2025-10-24T15:23:24","slug":"des-travaux-prevus-sur-plusieurs-axes-routiers-a-rennes-la-semaine-prochaine-la-circulation-sera-perturbee","status":"publish","type":"post","link":"https:\/\/www.europesays.com\/fr\/487054\/","title":{"rendered":"Des travaux pr\u00e9vus sur plusieurs axes routiers \u00e0 Rennes la semaine prochaine\u00a0: la circulation sera perturb\u00e9e"},"content":{"rendered":"<p>Les automobilistes rennais vont devoir s\u2019armer de patience. Plusieurs chantiers importants vont impacter la circulation \u00e0 partir du lundi 27 octobre sur des axes majeurs de la capitale bretonne.<\/p>\n<p>Boulevard Villebois-Mareuil<\/p>\n<p>La circulation sera interdite dans le sens nord-sud entre l\u2019avenue Monseigneur-Mou\u00e9zy et la rue de Ch\u00e2teaugiron du lundi 27 octobre au vendredi 19 d\u00e9cembre en raison de travaux li\u00e9s au d\u00e9ploiement du R\u00e9seau Express V\u00e9lo.<\/p>\n<p>Rue de l\u2019Alma<\/p>\n<p>Du lundi 27 au vendredi 31 octobre, la rue de l\u2019Alma sera ferm\u00e9e dans le sens sud-nord, entre le boulevard de Beaumont et la rue Gurvand, de 9 h \u00e0 16 h 30 dans le cadre d\u2019une intervention d\u2019Enedis sur le r\u00e9seau \u00e9lectrique. Une d\u00e9viation sera mise en place.<\/p>\n<p>Rue de Lorient<\/p>\n<p>SNCF R\u00e9seau doit r\u00e9aliser des travaux de peinture sur un ouvrage d\u2019art. Ce qui va perturber la circulation la circulation dans le sens est-ouest entre la rue Louis-Guilloux et le pont SNCF du 27 au 31 octobre.<\/p>\n<p>Boulevard de Verdun<\/p>\n<p>L\ufeffa circulation sera interdite dans le sens nord-sud entre la rue de Saint-Malo et la rue de Co\u00ebtlogon du lundi 27 au vendredi 31 octobre. Eau du Bassin Rennais doit proc\u00e9der \u00e0 des travaux sur le r\u00e9seau d\u2019eau potable. Une d\u00e9viation sera mise en place.<\/p>\n<p>Boulevard Ren\u00e9 La\u00ebnnec<\/p>\n<p>Dans le cadre de travaux d\u2019entretiens de la voirie par Rennes M\u00e9tropole, la circulation sera interdite la nuit entre 20h \u00e0 6h, du mercredi 29 au jeudi 30 octobre.<\/p>\n","protected":false},"excerpt":{"rendered":"Les automobilistes rennais vont devoir s\u2019armer de patience. Plusieurs chantiers importants vont impacter la circulation \u00e0 partir du&hellip;\n","protected":false},"author":2,"featured_media":487055,"comment_status":"","ping_status":"","sticky":false,"template":"","format":"standard","meta":{"footnotes":""},"categories":[2821],"tags":[1111,11,829,1777,674,1011,27,848,4555,12,584,25],"class_list":{"0":"post-487054","1":"post","2":"type-post","3":"status-publish","4":"format-standard","5":"has-post-thumbnail","7":"category-rennes","8":"tag-actu","9":"tag-actualites","10":"tag-bretagne","11":"tag-eu","12":"tag-europe","13":"tag-fr","14":"tag-france","15":"tag-ille-et-vilaine","16":"tag-local","17":"tag-news","18":"tag-rennes","19":"tag-republique-francaise"},"share_on_mastodon":{"url":"https:\/\/pubeurope.com\/@fr\/115429835151474524","error":""},"_links":{"self":[{"href":"https:\/\/www.europesays.com\/fr\/wp-json\/wp\/v2\/posts\/487054","targetHints":{"allow":["GET"]}}],"collection":[{"href":"https:\/\/www.europesays.com\/fr\/wp-json\/wp\/v2\/posts"}],"about":[{"href":"https:\/\/www.europesays.com\/fr\/wp-json\/wp\/v2\/types\/post"}],"author":[{"embeddable":true,"href":"https:\/\/www.europesays.com\/fr\/wp-json\/wp\/v2\/users\/2"}],"replies":[{"embeddable":true,"href":"https:\/\/www.europesays.com\/fr\/wp-json\/wp\/v2\/comments?post=487054"}],"version-history":[{"count":0,"href":"https:\/\/www.europesays.com\/fr\/wp-json\/wp\/v2\/posts\/487054\/revisions"}],"wp:featuredmedia":[{"embeddable":true,"href":"https:\/\/www.europesays.com\/fr\/wp-json\/wp\/v2\/media\/487055"}],"wp:attachment":[{"href":"https:\/\/www.europesays.com\/fr\/wp-json\/wp\/v2\/media?parent=487054"}],"wp:term":[{"taxonomy":"category","embeddable":true,"href":"https:\/\/www.europesays.com\/fr\/wp-json\/wp\/v2\/categories?post=487054"},{"taxonomy":"post_tag","embeddable":true,"href":"https:\/\/www.europesays.com\/fr\/wp-json\/wp\/v2\/tags?post=487054"}],"curies":[{"name":"wp","href":"https:\/\/api.w.org\/{rel}","templated":true}]}}