{"id":487083,"date":"2025-10-24T15:39:10","date_gmt":"2025-10-24T15:39:10","guid":{"rendered":"https:\/\/www.europesays.com\/fr\/487083\/"},"modified":"2025-10-24T15:39:10","modified_gmt":"2025-10-24T15:39:10","slug":"lyon-incendie-dans-le-3e-arrondissement-les-pompiers-sur-place","status":"publish","type":"post","link":"https:\/\/www.europesays.com\/fr\/487083\/","title":{"rendered":"Lyon : incendie dans le 3e arrondissement, les pompiers sur place"},"content":{"rendered":"<p>Un incendie s&rsquo;est d\u00e9clar\u00e9 dans le 3e arrondissement de Lyon dans l&rsquo;apr\u00e8s-midi ce vendredi 24 octobre. Les pompiers sont sur place.<\/p>\n<p>Le feu s&rsquo;est d\u00e9clar\u00e9 \u00e0 c\u00f4t\u00e9 de la caserne des pompiers. Ce vendredi 24 octobre, en milieu d&rsquo;apr\u00e8s-midi, les soldats du feu sont intervenus pour <b>un incendie rue Pierre Corneille<\/b>, dans le 3e arrondissement de Lyon.<\/p>\n<p>Les pompiers sont actuellement sur place pour \u00e9teindre les flammes. Ils ont utilis\u00e9 une grande \u00e9chelle pour acc\u00e9der \u00e0 la toiture du b\u00e2timent touch\u00e9.<\/p>\n<p>Plus d&rsquo;informations \u00e0 venir\u2026<\/p>\n<p><img loading=\"lazy\" decoding=\"async\" src=\"https:\/\/www.europesays.com\/fr\/wp-content\/uploads\/2025\/10\/1761320350_597_img\" width=\"350\" height=\"200\" border=\"0\" title=\"\" il=\"\" s=\"\" de=\"\" d=\"\" frauduleuses=\"\" la=\"\" m=\"\" lyon=\"\"\/><\/p>\n<p>\u25baFaits divers<\/p>\n<p style=\"font-size: 22px;\"><b>Arnaque aux bacs \u00e0 d\u00e9chets : la M\u00e9tropole de Lyon appelle \u00e0 la vigilance<\/b><\/p>\n<p>Depuis plusieurs jours, des individus se font passer&#8230;<\/p>\n<p><\/p>\n","protected":false},"excerpt":{"rendered":"Un incendie s&rsquo;est d\u00e9clar\u00e9 dans le 3e arrondissement de Lyon dans l&rsquo;apr\u00e8s-midi ce vendredi 24 octobre. Les pompiers&hellip;\n","protected":false},"author":2,"featured_media":487084,"comment_status":"","ping_status":"","sticky":false,"template":"","format":"standard","meta":{"footnotes":""},"categories":[1889],"tags":[1111,11,2430,1777,674,1011,27,1310,2428,12,1311,25],"class_list":{"0":"post-487083","1":"post","2":"type-post","3":"status-publish","4":"format-standard","5":"has-post-thumbnail","7":"category-lyon","8":"tag-actu","9":"tag-actualites","10":"tag-auvergne-rhone-alpes","11":"tag-eu","12":"tag-europe","13":"tag-fr","14":"tag-france","15":"tag-incendie","16":"tag-lyon","17":"tag-news","18":"tag-pompiers","19":"tag-republique-francaise"},"share_on_mastodon":{"url":"https:\/\/pubeurope.com\/@fr\/115429898044848455","error":""},"_links":{"self":[{"href":"https:\/\/www.europesays.com\/fr\/wp-json\/wp\/v2\/posts\/487083","targetHints":{"allow":["GET"]}}],"collection":[{"href":"https:\/\/www.europesays.com\/fr\/wp-json\/wp\/v2\/posts"}],"about":[{"href":"https:\/\/www.europesays.com\/fr\/wp-json\/wp\/v2\/types\/post"}],"author":[{"embeddable":true,"href":"https:\/\/www.europesays.com\/fr\/wp-json\/wp\/v2\/users\/2"}],"replies":[{"embeddable":true,"href":"https:\/\/www.europesays.com\/fr\/wp-json\/wp\/v2\/comments?post=487083"}],"version-history":[{"count":0,"href":"https:\/\/www.europesays.com\/fr\/wp-json\/wp\/v2\/posts\/487083\/revisions"}],"wp:featuredmedia":[{"embeddable":true,"href":"https:\/\/www.europesays.com\/fr\/wp-json\/wp\/v2\/media\/487084"}],"wp:attachment":[{"href":"https:\/\/www.europesays.com\/fr\/wp-json\/wp\/v2\/media?parent=487083"}],"wp:term":[{"taxonomy":"category","embeddable":true,"href":"https:\/\/www.europesays.com\/fr\/wp-json\/wp\/v2\/categories?post=487083"},{"taxonomy":"post_tag","embeddable":true,"href":"https:\/\/www.europesays.com\/fr\/wp-json\/wp\/v2\/tags?post=487083"}],"curies":[{"name":"wp","href":"https:\/\/api.w.org\/{rel}","templated":true}]}}